{"id":64924,"date":"2025-06-14T00:16:13","date_gmt":"2025-06-14T06:16:13","guid":{"rendered":"https:\/\/politicosaldesnudo.com.mx\/?p=64924"},"modified":"2025-06-13T20:39:15","modified_gmt":"2025-06-14T02:39:15","slug":"alertan-en-mexicali-baja-california-por-ola-de-calor-extrema","status":"publish","type":"post","link":"https:\/\/politicosaldesnudo.com.mx\/index.php\/2025\/06\/14\/alertan-en-mexicali-baja-california-por-ola-de-calor-extrema\/","title":{"rendered":"Alertan en Mexicali, Baja California, por ola de calor extrema"},"content":{"rendered":"<p class=\"nota-justify\">Mexicali registra una ola de calor extrema que se intensificar\u00e1 en los pr\u00f3ximos tres d\u00edas, advirtieron autoridades municipales.<\/p>\n<p class=\"nota-justify\">El mercurio del term\u00f3metro en esta ciudad del noroeste mexicano llegar\u00e1 a temperaturas de 45\u202fgrados cent\u00edgrados y una sensaci\u00f3n t\u00e9rmica mayor de 47\u202fgrados.<\/p>\n<p class=\"nota-justify\">De hecho, inici\u00f3 la temporada en que las calles de la capital de Baja California permanece sin peatones y se reduce el tr\u00e1fico vehicular, situaci\u00f3n que se mantendr\u00e1 con el verano, durante la can\u00edcula y parte de oto\u00f1o.<\/p>\n<p class=\"nota-justify\">La Secretar\u00eda de Educaci\u00f3n intensific\u00f3 la distribuci\u00f3n de aparatos de aire acondicionado para escuelas p\u00fablicas de Mexicali y San Felipe para que los alumnos de niveles b\u00e1sicos cuenten con espacios refrigerados.<\/p>\n<p class=\"nota-justify\">En tanto, el gobierno de Baja California convino con la Comisi\u00f3n Federal de Electricidad el subsidio para cuentas dom\u00e9sticas en la temporada de calor.<\/p>\n<p class=\"nota-justify\">Ante el registro de altas temperaturas, el gobierno de Mexicali alert\u00f3 a la poblaci\u00f3n de tomar precauciones, sobre todo para ni\u00f1os y ni\u00f1as, adultos mayores y embarazadas.<\/p>\n<p class=\"nota-justify\">Adem\u00e1s recomend\u00f3 evitar actividades deportivas entre las 10 y las 16 horas, en el caso procurar la sombra o lugares frescos.<\/p>\n<p class=\"nota-justify\">Pidi\u00f3 mantenerse hidratados, usar gorra o sombrero y bloqueador solar en la piel.<\/p>\n<p class=\"nota-justify\">En el municipio existen albergues destinados a personas en condici\u00f3n de migrantes y aquellas en situaci\u00f3n de calle, as\u00ed como puntos de hidrataci\u00f3n con sueros y establecimientos comerciales que distribuyen agua de manera gratuita a quien as\u00ed lo solicite.<\/p>\n","protected":false},"excerpt":{"rendered":"<p>Mexicali registra una ola de calor extrema que se intensificar\u00e1 en los pr\u00f3ximos tres d\u00edas, advirtieron autoridades municipales. El mercurio<\/p>\n","protected":false},"author":4,"featured_media":64925,"comment_status":"closed","ping_status":"closed","sticky":false,"template":"","format":"standard","meta":{"colormag_page_container_layout":"default_layout","colormag_page_sidebar_layout":"default_layout","_jetpack_memberships_contains_paid_content":false,"footnotes":"","jetpack_publicize_message":"","jetpack_publicize_feature_enabled":true,"jetpack_social_post_already_shared":false,"jetpack_social_options":{"image_generator_settings":{"template":"highway","default_image_id":0,"font":"","enabled":false},"version":2}},"categories":[30],"tags":[],"class_list":["post-64924","post","type-post","status-publish","format-standard","has-post-thumbnail","hentry","category-estados"],"jetpack_publicize_connections":[],"jetpack_featured_media_url":"https:\/\/i0.wp.com\/politicosaldesnudo.com.mx\/wp-content\/uploads\/2025\/06\/Ola-de-calor-extremo-en-Mexico.jpg?fit=1140%2C712&ssl=1","jetpack-related-posts":[],"jetpack_sharing_enabled":true,"_links":{"self":[{"href":"https:\/\/politicosaldesnudo.com.mx\/index.php\/wp-json\/wp\/v2\/posts\/64924","targetHints":{"allow":["GET"]}}],"collection":[{"href":"https:\/\/politicosaldesnudo.com.mx\/index.php\/wp-json\/wp\/v2\/posts"}],"about":[{"href":"https:\/\/politicosaldesnudo.com.mx\/index.php\/wp-json\/wp\/v2\/types\/post"}],"author":[{"embeddable":true,"href":"https:\/\/politicosaldesnudo.com.mx\/index.php\/wp-json\/wp\/v2\/users\/4"}],"replies":[{"embeddable":true,"href":"https:\/\/politicosaldesnudo.com.mx\/index.php\/wp-json\/wp\/v2\/comments?post=64924"}],"version-history":[{"count":0,"href":"https:\/\/politicosaldesnudo.com.mx\/index.php\/wp-json\/wp\/v2\/posts\/64924\/revisions"}],"wp:featuredmedia":[{"embeddable":true,"href":"https:\/\/politicosaldesnudo.com.mx\/index.php\/wp-json\/wp\/v2\/media\/64925"}],"wp:attachment":[{"href":"https:\/\/politicosaldesnudo.com.mx\/index.php\/wp-json\/wp\/v2\/media?parent=64924"}],"wp:term":[{"taxonomy":"category","embeddable":true,"href":"https:\/\/politicosaldesnudo.com.mx\/index.php\/wp-json\/wp\/v2\/categories?post=64924"},{"taxonomy":"post_tag","embeddable":true,"href":"https:\/\/politicosaldesnudo.com.mx\/index.php\/wp-json\/wp\/v2\/tags?post=64924"}],"curies":[{"name":"wp","href":"https:\/\/api.w.org\/{rel}","templated":true}]}}