{"id":64939,"date":"2025-06-13T20:51:08","date_gmt":"2025-06-14T02:51:08","guid":{"rendered":"https:\/\/politicosaldesnudo.com.mx\/?p=64939"},"modified":"2025-06-13T20:51:08","modified_gmt":"2025-06-14T02:51:08","slug":"el-plan-b-en-la-rectoria","status":"publish","type":"post","link":"https:\/\/politicosaldesnudo.com.mx\/index.php\/2025\/06\/13\/el-plan-b-en-la-rectoria\/","title":{"rendered":"El \u201cplan B\u201d en la rector\u00eda"},"content":{"rendered":"<p>Por si algo le faltase a un proceso que ha perdido toda credibilidad, la renuncia a la Junta de Gobierno de la Universidad Veracruzana de la profesora <em>Mar\u00eda Ang\u00e9lica Buend\u00eda Espinosa<\/em> le dio en la puntilla a la sucesi\u00f3n rectoral y evidenci\u00f3, m\u00e1s que nunca, la manera porril en la que Mart\u00edn Aguilar S\u00e1nchez pretende ser impuesto en una extensi\u00f3n ilegal e ileg\u00edtima del periodo para el que fue designado hace cuatro a\u00f1os.<\/p>\n<p>El silencio de la Junta de Gobierno ante la renuncia de <em>Buend\u00eda Espinosa<\/em>, confirmada de manera extraoficial pero sin ning\u00fan posicionamiento, en ning\u00fan sentido, de autoridad universitaria alguna \u2013pero que obedecer\u00eda a las presiones a las que se les est\u00e1 sometiendo para que avalen el golpe a la UV-, expone de manera di\u00e1fana la magnitud de una crisis cuyo \u00fanico responsable es Mart\u00edn Aguilar. Adem\u00e1s, por supuesto, de quienes lo empinaron y embarcaron en una misi\u00f3n suicida.<\/p>\n<p>Las manifestaciones de repudio a la intentona golpista de Mart\u00edn Aguilar han sido contundentes y generalizadas desde la semana pasada. Y si no se expresaron de manera masiva en la protesta del pasado lunes en la explanada de rector\u00eda y en la plaza Lerdo, fue porque existen amenazas contra el personal docente y administrativo, al grado de condicionar su permanencia en su trabajo \u2013con la complicidad de sus respectivos sindicatos-, as\u00ed como contra los estudiantes, a los que se les intimida con la posibilidad de darles \u201cmuerte acad\u00e9mica\u201d si se manifiestan contra el aspirante a dictadorzuelo.<\/p>\n<p>Aun con ello, todo indicar\u00eda que es inminente que la Junta de Gobierno apruebe la pr\u00f3rroga de Aguilar S\u00e1nchez y consume una imposici\u00f3n cuyas consecuencias no se acaban de dimensionar, pero que implicar\u00edan de entrada la judicializaci\u00f3n de la sucesi\u00f3n en la rector\u00eda de la UV y su ca\u00edda en una espiral de inestabilidad, pues los aspirantes que en su leg\u00edtimo derecho han manifestado su intenci\u00f3n por contender por el cargo, como Marisol Luna Leal, Jorge Manzo Denes y Rafael Vela Mart\u00ednez, no piensan quedarse cruzados de brazos.<\/p>\n<p>Si los aspirantes se amparan aduciendo la ilegalidad de la pr\u00f3rroga y de la supuesta \u201cconsulta\u201d que la Junta de Gobierno se invent\u00f3 para encauzar la imposici\u00f3n, la permanencia de Mart\u00edn Aguilar al frente de la rector\u00eda ser\u00eda insostenible. Pero incluso en un escenario en el que se le cayera la extensi\u00f3n del periodo, el grupo que lo impulsa tiene un \u201cplan B\u201d: la secretaria de Desarrollo Institucional de la UV, Jaqueline Jongitud.<\/p>\n<p>Desde que estuvo en la Junta de Gobierno entre 2016 y 2019, Jaqueline Jongitud teji\u00f3 alianzas y favores que le permitieron concentrar un gran poder dentro de la Universidad, al grado de poner y quitar miembros de la misma Junta, como Jos\u00e9 Antonio Seade Kuri, hermano del actual embajador en China Jes\u00fas Seade, y quien jug\u00f3 un papel fundamental en la designaci\u00f3n como rector de Mart\u00edn Aguilar en 2021. Incluso, se termin\u00f3 casando con \u00e9l apenas el pasado mes de diciembre de 2024.<\/p>\n<p>Jongitud tambi\u00e9n oper\u00f3 para colocar en la Junta de Gobierno a su actual presidente, Jos\u00e9 Manuel Pinos Rodr\u00edguez, el 22 de junio de 2023. Con \u00e9l, pacta la acometida para imponer la pr\u00f3rroga de Mart\u00edn Aguilar o, en su defecto, su propia llegada a la rector\u00eda.<\/p>\n<p>Desde la Secretar\u00eda de Desarrollo Institucional universitaria, Jaqueline Jongitud controla los temas acad\u00e9micos, la obra p\u00fablica y las finanzas de la UV, lo que le ha permitido obtener varios favores pol\u00edticos a cambio de plazas de investigador, como con el propio Pinos y su amigo personal Irving Uriel L\u00f3pez Bonilla. Y por si fuera poco, fue denunciada por violencia laboral y vulneraci\u00f3n de la integridad personal de una de sus colaboradoras, lo que le vali\u00f3 la recomendaci\u00f3n 004\/2025 de la Comisi\u00f3n Estatal de Derechos Humanos, misma que de manera inaudita fue rechazada por la UV.<\/p>\n<p>Jaqueline Jongitud es el \u201cplan B\u201d del grupo que se pretende enquistar, s\u00ed o s\u00ed, en la rector\u00eda de la UV, por si el anodino Mart\u00edn Aguilar se vuelve desechable.<\/p>\n<p><img data-recalc-dims=\"1\" loading=\"lazy\" decoding=\"async\" class=\"aligncenter size-full wp-image-64940\" src=\"https:\/\/i0.wp.com\/politicosaldesnudo.com.mx\/wp-content\/uploads\/2025\/06\/FIRMA-EDITORIAL-PD-3.jpg?resize=800%2C98&#038;ssl=1\" alt=\"\" width=\"800\" height=\"98\" srcset=\"https:\/\/i0.wp.com\/politicosaldesnudo.com.mx\/wp-content\/uploads\/2025\/06\/FIRMA-EDITORIAL-PD-3.jpg?w=1024&amp;ssl=1 1024w, https:\/\/i0.wp.com\/politicosaldesnudo.com.mx\/wp-content\/uploads\/2025\/06\/FIRMA-EDITORIAL-PD-3.jpg?resize=300%2C37&amp;ssl=1 300w, https:\/\/i0.wp.com\/politicosaldesnudo.com.mx\/wp-content\/uploads\/2025\/06\/FIRMA-EDITORIAL-PD-3.jpg?resize=768%2C94&amp;ssl=1 768w\" sizes=\"auto, (max-width: 800px) 100vw, 800px\" \/><\/p>\n","protected":false},"excerpt":{"rendered":"<p>Por si algo le faltase a un proceso que ha perdido toda credibilidad, la renuncia a la Junta de Gobierno<\/p>\n","protected":false},"author":4,"featured_media":46001,"comment_status":"closed","ping_status":"closed","sticky":false,"template":"","format":"standard","meta":{"colormag_page_container_layout":"default_layout","colormag_page_sidebar_layout":"default_layout","_jetpack_memberships_contains_paid_content":false,"footnotes":"","jetpack_publicize_message":"","jetpack_publicize_feature_enabled":true,"jetpack_social_post_already_shared":false,"jetpack_social_options":{"image_generator_settings":{"template":"highway","default_image_id":0,"font":"","enabled":false},"version":2}},"categories":[26],"tags":[],"class_list":["post-64939","post","type-post","status-publish","format-standard","has-post-thumbnail","hentry","category-columnistas"],"jetpack_publicize_connections":[],"jetpack_featured_media_url":"https:\/\/i0.wp.com\/politicosaldesnudo.com.mx\/wp-content\/uploads\/2024\/09\/RUBICA-2.jpg?fit=800%2C445&ssl=1","jetpack-related-posts":[],"jetpack_sharing_enabled":true,"_links":{"self":[{"href":"https:\/\/politicosaldesnudo.com.mx\/index.php\/wp-json\/wp\/v2\/posts\/64939","targetHints":{"allow":["GET"]}}],"collection":[{"href":"https:\/\/politicosaldesnudo.com.mx\/index.php\/wp-json\/wp\/v2\/posts"}],"about":[{"href":"https:\/\/politicosaldesnudo.com.mx\/index.php\/wp-json\/wp\/v2\/types\/post"}],"author":[{"embeddable":true,"href":"https:\/\/politicosaldesnudo.com.mx\/index.php\/wp-json\/wp\/v2\/users\/4"}],"replies":[{"embeddable":true,"href":"https:\/\/politicosaldesnudo.com.mx\/index.php\/wp-json\/wp\/v2\/comments?post=64939"}],"version-history":[{"count":0,"href":"https:\/\/politicosaldesnudo.com.mx\/index.php\/wp-json\/wp\/v2\/posts\/64939\/revisions"}],"wp:featuredmedia":[{"embeddable":true,"href":"https:\/\/politicosaldesnudo.com.mx\/index.php\/wp-json\/wp\/v2\/media\/46001"}],"wp:attachment":[{"href":"https:\/\/politicosaldesnudo.com.mx\/index.php\/wp-json\/wp\/v2\/media?parent=64939"}],"wp:term":[{"taxonomy":"category","embeddable":true,"href":"https:\/\/politicosaldesnudo.com.mx\/index.php\/wp-json\/wp\/v2\/categories?post=64939"},{"taxonomy":"post_tag","embeddable":true,"href":"https:\/\/politicosaldesnudo.com.mx\/index.php\/wp-json\/wp\/v2\/tags?post=64939"}],"curies":[{"name":"wp","href":"https:\/\/api.w.org\/{rel}","templated":true}]}}