{"id":64942,"date":"2025-06-16T00:01:28","date_gmt":"2025-06-16T06:01:28","guid":{"rendered":"https:\/\/politicosaldesnudo.com.mx\/?p=64942"},"modified":"2025-06-15T21:12:13","modified_gmt":"2025-06-16T03:12:13","slug":"entregan-aparatos-funcionales","status":"publish","type":"post","link":"https:\/\/politicosaldesnudo.com.mx\/index.php\/2025\/06\/16\/entregan-aparatos-funcionales\/","title":{"rendered":"Entregan aparatos funcionales"},"content":{"rendered":"<p>Con el prop\u00f3sito de apoyar a todas las personas que necesitan un aparato funcional para continuar con actividades cotidianas y hacerles m\u00e1s pr\u00e1ctica su vida, la Fundaci\u00f3n Amarely A.C, bajo el liderazgo de su presidenta Areli Bautista P\u00e9rez, sigue haciendo entrega de estos apoyos y reiterando su compromiso con la construcci\u00f3n de un municipio m\u00e1s igualitario y solidario.<\/p>\n<p>Bautista P\u00e9rez enfatiz\u00f3 que la misi\u00f3n de la organizaci\u00f3n \u00abcontin\u00faa y no nos detendremos\u00bb, haciendo un llamado a la unidad de la comunidad para alcanzar estos objetivos.<\/p>\n<p>\u00abEn Fundaci\u00f3n Amarely creemos que el cambio hacia un municipio m\u00e1s igualitario comienza con cada uno de nosotros\u00bb, declar\u00f3 la presidenta, subrayando la importancia de la participaci\u00f3n ciudadana en este proceso transformador, donde buscan fomentar una sociedad donde todos los individuos tengan las mismas oportunidades y acceso a los recursos.<\/p>\n<p>Indic\u00f3 que para alcanzar las metas han delineado una clara hoja de ruta que incluye tres pilares fundamentales como llevar apoyos a quien m\u00e1s lo necesita, fomentar el desarrollo y crecimiento de los habitantes a trav\u00e9s de diversas iniciativas, promoviendo la autonom\u00eda y el progreso individual y colectivo, trabajar para que los ni\u00f1os recuperen su espacio y oportunidades, garantizando su acceso a la educaci\u00f3n, el juego y un entorno seguro para su desarrollo.<\/p>\n<p>Subray\u00f3 la importancia de la colaboraci\u00f3n, afirmando que \u00abcuando unimos fuerzas, transformamos vidas, en la fundaci\u00f3n impactamos vidas y apoyamos construyendo un futuro m\u00e1s justo y solidario\u00bb en el municipio.<\/p>\n","protected":false},"excerpt":{"rendered":"<p>Con el prop\u00f3sito de apoyar a todas las personas que necesitan un aparato funcional para continuar con actividades cotidianas y<\/p>\n","protected":false},"author":4,"featured_media":64943,"comment_status":"closed","ping_status":"closed","sticky":false,"template":"","format":"standard","meta":{"colormag_page_container_layout":"default_layout","colormag_page_sidebar_layout":"default_layout","_jetpack_memberships_contains_paid_content":false,"footnotes":"","jetpack_publicize_message":"","jetpack_publicize_feature_enabled":true,"jetpack_social_post_already_shared":false,"jetpack_social_options":{"image_generator_settings":{"template":"highway","default_image_id":0,"font":"","enabled":false},"version":2}},"categories":[1082],"tags":[],"class_list":["post-64942","post","type-post","status-publish","format-standard","has-post-thumbnail","hentry","category-tuxpan"],"jetpack_publicize_connections":[],"jetpack_featured_media_url":"https:\/\/i0.wp.com\/politicosaldesnudo.com.mx\/wp-content\/uploads\/2025\/06\/WhatsApp-Image-2025-06-15-at-12.50.22.jpg?fit=1280%2C960&ssl=1","jetpack-related-posts":[],"jetpack_sharing_enabled":true,"_links":{"self":[{"href":"https:\/\/politicosaldesnudo.com.mx\/index.php\/wp-json\/wp\/v2\/posts\/64942","targetHints":{"allow":["GET"]}}],"collection":[{"href":"https:\/\/politicosaldesnudo.com.mx\/index.php\/wp-json\/wp\/v2\/posts"}],"about":[{"href":"https:\/\/politicosaldesnudo.com.mx\/index.php\/wp-json\/wp\/v2\/types\/post"}],"author":[{"embeddable":true,"href":"https:\/\/politicosaldesnudo.com.mx\/index.php\/wp-json\/wp\/v2\/users\/4"}],"replies":[{"embeddable":true,"href":"https:\/\/politicosaldesnudo.com.mx\/index.php\/wp-json\/wp\/v2\/comments?post=64942"}],"version-history":[{"count":0,"href":"https:\/\/politicosaldesnudo.com.mx\/index.php\/wp-json\/wp\/v2\/posts\/64942\/revisions"}],"wp:featuredmedia":[{"embeddable":true,"href":"https:\/\/politicosaldesnudo.com.mx\/index.php\/wp-json\/wp\/v2\/media\/64943"}],"wp:attachment":[{"href":"https:\/\/politicosaldesnudo.com.mx\/index.php\/wp-json\/wp\/v2\/media?parent=64942"}],"wp:term":[{"taxonomy":"category","embeddable":true,"href":"https:\/\/politicosaldesnudo.com.mx\/index.php\/wp-json\/wp\/v2\/categories?post=64942"},{"taxonomy":"post_tag","embeddable":true,"href":"https:\/\/politicosaldesnudo.com.mx\/index.php\/wp-json\/wp\/v2\/tags?post=64942"}],"curies":[{"name":"wp","href":"https:\/\/api.w.org\/{rel}","templated":true}]}}