{"id":64969,"date":"2025-06-16T00:10:28","date_gmt":"2025-06-16T06:10:28","guid":{"rendered":"https:\/\/politicosaldesnudo.com.mx\/?p=64969"},"modified":"2025-06-15T21:47:35","modified_gmt":"2025-06-16T03:47:35","slug":"llama-von-der-leyen-a-evitar-politicas-comerciales-proteccionistas","status":"publish","type":"post","link":"https:\/\/politicosaldesnudo.com.mx\/index.php\/2025\/06\/16\/llama-von-der-leyen-a-evitar-politicas-comerciales-proteccionistas\/","title":{"rendered":"Llama Von der Leyen a evitar pol\u00edticas comerciales proteccionistas"},"content":{"rendered":"<p class=\"nota-justify\">La jefa de la Comisi\u00f3n Europea, Ursula von der Leyen, hizo un llamado este domingo en la antesala de la cumbre del G7 en Canad\u00e1 para que los l\u00edderes del grupo eviten las pol\u00edticas comerciales proteccionistas.<\/p>\n<p class=\"nota-justify\">\u201cMantengamos entre nosotros el comercio justo, predecible y abierto. Todos debemos evitar el proteccionismo\u201d, dijo en conferencia de prensa mientras los dirigentes del Grupo de los Siete llegan a Kananaskis, donde se esperan conversaciones sobre los aranceles del presidente estadunidense, Donald Trump.<\/p>\n","protected":false},"excerpt":{"rendered":"<p>La jefa de la Comisi\u00f3n Europea, Ursula von der Leyen, hizo un llamado este domingo en la antesala de la<\/p>\n","protected":false},"author":4,"featured_media":64970,"comment_status":"closed","ping_status":"closed","sticky":false,"template":"","format":"standard","meta":{"colormag_page_container_layout":"default_layout","colormag_page_sidebar_layout":"default_layout","_jetpack_memberships_contains_paid_content":false,"footnotes":"","jetpack_publicize_message":"","jetpack_publicize_feature_enabled":true,"jetpack_social_post_already_shared":false,"jetpack_social_options":{"image_generator_settings":{"template":"highway","default_image_id":0,"font":"","enabled":false},"version":2}},"categories":[2050],"tags":[],"class_list":["post-64969","post","type-post","status-publish","format-standard","has-post-thumbnail","hentry","category-economia"],"jetpack_publicize_connections":[],"jetpack_featured_media_url":"https:\/\/i0.wp.com\/politicosaldesnudo.com.mx\/wp-content\/uploads\/2025\/06\/VON.jpg?fit=757%2C512&ssl=1","jetpack-related-posts":[],"jetpack_sharing_enabled":true,"_links":{"self":[{"href":"https:\/\/politicosaldesnudo.com.mx\/index.php\/wp-json\/wp\/v2\/posts\/64969","targetHints":{"allow":["GET"]}}],"collection":[{"href":"https:\/\/politicosaldesnudo.com.mx\/index.php\/wp-json\/wp\/v2\/posts"}],"about":[{"href":"https:\/\/politicosaldesnudo.com.mx\/index.php\/wp-json\/wp\/v2\/types\/post"}],"author":[{"embeddable":true,"href":"https:\/\/politicosaldesnudo.com.mx\/index.php\/wp-json\/wp\/v2\/users\/4"}],"replies":[{"embeddable":true,"href":"https:\/\/politicosaldesnudo.com.mx\/index.php\/wp-json\/wp\/v2\/comments?post=64969"}],"version-history":[{"count":0,"href":"https:\/\/politicosaldesnudo.com.mx\/index.php\/wp-json\/wp\/v2\/posts\/64969\/revisions"}],"wp:featuredmedia":[{"embeddable":true,"href":"https:\/\/politicosaldesnudo.com.mx\/index.php\/wp-json\/wp\/v2\/media\/64970"}],"wp:attachment":[{"href":"https:\/\/politicosaldesnudo.com.mx\/index.php\/wp-json\/wp\/v2\/media?parent=64969"}],"wp:term":[{"taxonomy":"category","embeddable":true,"href":"https:\/\/politicosaldesnudo.com.mx\/index.php\/wp-json\/wp\/v2\/categories?post=64969"},{"taxonomy":"post_tag","embeddable":true,"href":"https:\/\/politicosaldesnudo.com.mx\/index.php\/wp-json\/wp\/v2\/tags?post=64969"}],"curies":[{"name":"wp","href":"https:\/\/api.w.org\/{rel}","templated":true}]}}