{"id":64999,"date":"2025-06-16T00:20:35","date_gmt":"2025-06-16T06:20:35","guid":{"rendered":"https:\/\/politicosaldesnudo.com.mx\/?p=64999"},"modified":"2025-06-15T22:06:44","modified_gmt":"2025-06-16T04:06:44","slug":"gobierno-de-trump-considera-agregar-36-paises-a-prohibicion-de-viajar-a-eu-segun-memorando","status":"publish","type":"post","link":"https:\/\/politicosaldesnudo.com.mx\/index.php\/2025\/06\/16\/gobierno-de-trump-considera-agregar-36-paises-a-prohibicion-de-viajar-a-eu-segun-memorando\/","title":{"rendered":"Gobierno de Trump considera agregar 36 pa\u00edses a prohibici\u00f3n de viajar a EU, seg\u00fan memorando"},"content":{"rendered":"<p class=\"nota-justify\">El gobierno del presidente estadunidense Donald Trump considera ampliar significativamente sus restricciones de viaje al prohibir potencialmente la entrada a Estados Unidos de ciudadanos de 36 pa\u00edses adicionales, seg\u00fan un cable interno del Departamento de Estado visto por Reuters.<\/p>\n<p class=\"nota-justify\">A principios de este mes, el presidente republicano firm\u00f3 una proclama que prohib\u00eda la entrada de ciudadanos de 12 pa\u00edses, diciendo que la medida era necesaria para proteger a Estados Unidos contra \u00abterroristas extranjeros\u00bb y otras amenazas a la seguridad nacional.<\/p>\n<p class=\"nota-justify\">La directiva formaba parte de una ofensiva migratoria que Trump lanz\u00f3 este a\u00f1o al inicio de su segundo mandato, que ha incluido la \u201cdeportaci\u00f3n\u201d a El Salvador de cientos de venezolanos sospechosos de pertenecer a bandas, as\u00ed como esfuerzos para denegar la matr\u00edcula de algunos estudiantes extranjeros en universidades estadounidenses y deportar a otros.<\/p>\n<p class=\"nota-justify\">En un cable diplom\u00e1tico interno firmado por el secretario de Estado estadunidense, Marco Rubio, el Departamento de Estado expuso una docena de preocupaciones sobre los pa\u00edses en cuesti\u00f3n y pidi\u00f3 medidas correctivas.<\/p>\n<p class=\"nota-justify\">\u00abEl Departamento ha identificado 36 pa\u00edses preocupantes a los que se podr\u00eda recomendar la suspensi\u00f3n total o parcial de la entrada si no cumplen los puntos de referencia y los requisitos establecidos en un plazo de 60 d\u00edas\u00bb, dec\u00eda el cable enviado durante el fin de semana.<\/p>\n<p class=\"nota-justify\">El cable fue publicado por primera vez por el\u00a0<i>Washington Post<\/i>.<\/p>\n<p class=\"nota-justify\">Entre las preocupaciones del Departamento de Estado figuraba la falta de un gobierno competente o cooperativo por parte de algunos de los pa\u00edses mencionados para producir documentos de identidad fiables, seg\u00fan el cable. Otra era la \u00abseguridad cuestionable\u00bb del pasaporte de ese pa\u00eds.<\/p>\n<p class=\"nota-justify\">Algunos pa\u00edses, dec\u00eda el cable, no cooperaban a la hora de facilitar la expulsi\u00f3n de Estados Unidos de sus nacionales a los que se hab\u00eda ordenado la expulsi\u00f3n. Algunos pa\u00edses estaban rebasando el plazo de validez de los visados estadounidenses concedidos a sus ciudadanos.<\/p>\n<p class=\"nota-justify\">Otros motivos de preocupaci\u00f3n eran que los nacionales del pa\u00eds estuvieran implicados en actos de terrorismo en Estados Unidos o en actividades antisemitas y antiamericanas.<\/p>\n<p class=\"nota-justify\">El cable se\u00f1alaba que no todas estas preocupaciones se refer\u00edan a todos los pa\u00edses de la lista.<\/p>\n<p class=\"nota-justify\">\u00abEstamos revaluando constantemente las pol\u00edticas para garantizar la seguridad de los estadunidenses y que los ciudadanos extranjeros respeten nuestras leyes\u00bb, declar\u00f3 un alto funcionario del Departamento de Estado, que declin\u00f3 hacer comentarios sobre deliberaciones y comunicaciones internas concretas.<\/p>\n<p class=\"nota-justify\">\u00abEl Departamento de Estado se compromete a proteger a nuestra naci\u00f3n y a sus ciudadanos manteniendo los m\u00e1s altos est\u00e1ndares de seguridad nacional y seguridad p\u00fablica a trav\u00e9s de nuestro proceso de visados\u00bb, dijo el funcionario.<\/p>\n","protected":false},"excerpt":{"rendered":"<p>El gobierno del presidente estadunidense Donald Trump considera ampliar significativamente sus restricciones de viaje al prohibir potencialmente la entrada a<\/p>\n","protected":false},"author":4,"featured_media":65000,"comment_status":"closed","ping_status":"closed","sticky":false,"template":"","format":"standard","meta":{"colormag_page_container_layout":"default_layout","colormag_page_sidebar_layout":"default_layout","_jetpack_memberships_contains_paid_content":false,"footnotes":"","jetpack_publicize_message":"","jetpack_publicize_feature_enabled":true,"jetpack_social_post_already_shared":false,"jetpack_social_options":{"image_generator_settings":{"template":"highway","default_image_id":0,"font":"","enabled":false},"version":2}},"categories":[28],"tags":[],"class_list":["post-64999","post","type-post","status-publish","format-standard","has-post-thumbnail","hentry","category-internacional"],"jetpack_publicize_connections":[],"jetpack_featured_media_url":"https:\/\/i0.wp.com\/politicosaldesnudo.com.mx\/wp-content\/uploads\/2025\/06\/DFH.jpg?fit=740%2C491&ssl=1","jetpack-related-posts":[],"jetpack_sharing_enabled":true,"_links":{"self":[{"href":"https:\/\/politicosaldesnudo.com.mx\/index.php\/wp-json\/wp\/v2\/posts\/64999","targetHints":{"allow":["GET"]}}],"collection":[{"href":"https:\/\/politicosaldesnudo.com.mx\/index.php\/wp-json\/wp\/v2\/posts"}],"about":[{"href":"https:\/\/politicosaldesnudo.com.mx\/index.php\/wp-json\/wp\/v2\/types\/post"}],"author":[{"embeddable":true,"href":"https:\/\/politicosaldesnudo.com.mx\/index.php\/wp-json\/wp\/v2\/users\/4"}],"replies":[{"embeddable":true,"href":"https:\/\/politicosaldesnudo.com.mx\/index.php\/wp-json\/wp\/v2\/comments?post=64999"}],"version-history":[{"count":0,"href":"https:\/\/politicosaldesnudo.com.mx\/index.php\/wp-json\/wp\/v2\/posts\/64999\/revisions"}],"wp:featuredmedia":[{"embeddable":true,"href":"https:\/\/politicosaldesnudo.com.mx\/index.php\/wp-json\/wp\/v2\/media\/65000"}],"wp:attachment":[{"href":"https:\/\/politicosaldesnudo.com.mx\/index.php\/wp-json\/wp\/v2\/media?parent=64999"}],"wp:term":[{"taxonomy":"category","embeddable":true,"href":"https:\/\/politicosaldesnudo.com.mx\/index.php\/wp-json\/wp\/v2\/categories?post=64999"},{"taxonomy":"post_tag","embeddable":true,"href":"https:\/\/politicosaldesnudo.com.mx\/index.php\/wp-json\/wp\/v2\/tags?post=64999"}],"curies":[{"name":"wp","href":"https:\/\/api.w.org\/{rel}","templated":true}]}}