{"id":65017,"date":"2025-06-16T00:28:35","date_gmt":"2025-06-16T06:28:35","guid":{"rendered":"https:\/\/politicosaldesnudo.com.mx\/?p=65017"},"modified":"2025-06-16T00:04:09","modified_gmt":"2025-06-16T06:04:09","slug":"salsa-fest-el-festival-que-llego-para-quedarse","status":"publish","type":"post","link":"https:\/\/politicosaldesnudo.com.mx\/index.php\/2025\/06\/16\/salsa-fest-el-festival-que-llego-para-quedarse\/","title":{"rendered":"Salsa Fest: el festival que lleg\u00f3 para quedarse"},"content":{"rendered":"<p><em>\u201cDebemos estar unidos, incluso en la esperanza.\u201d \u2013 Elie Wisel.<\/em><\/p>\n<p><strong>La sinergia entre cultura y turismo ha quedado plenamente demostrada con dos festivales que marcan el pulso econ\u00f3mico de sus regiones: el emblem\u00e1tico Festival de la Canci\u00f3n de Vi\u00f1a del Mar, en Chile, y el emergente Salsa Fest 2025, en Boca del R\u00edo y Veracruz.<\/strong><\/p>\n<p><strong>Vi\u00f1a del Mar, con m\u00e1s de seis d\u00e9cadas de historia, impone a\u00fan su sello: seg\u00fan cifras anteriores, el festival representa m\u00e1s del 30\u202f% del incremento en ocupaci\u00f3n hotelera y aporta sobre un 20\u202f% de los ingresos municipales durante febrero, gracias a sus patrocinios, venta de entradas y transmisi\u00f3n televisiva internacional. <\/strong><\/p>\n<p><strong>El evento convoca a cerca de 15\u202f000 espectadores diarios en la Quinta Vergara, siendo un im\u00e1n tur\u00edstico que moviliza millones de d\u00f3lares en arrendamiento, publicidad y servicios asociados.<\/strong><\/p>\n<p><strong>Por su parte, el Salsa Fest 2025 comenz\u00f3 su consolidaci\u00f3n con cifras prometedoras: se esperan m\u00e1s de 100\u202f000 visitantes diarios entre el 13 y el 15 de junio, y una ocupaci\u00f3n hotelera que rondar\u00e1 el 85\u201390\u202f% en la zona Veracruz\u2013Boca del R\u00edo.<\/strong><\/p>\n<p><strong>El festival de 2024 dej\u00f3 una derrama estimada en 735 millones de pesos, con 551\u202f000 asistentes, cobertura de 14 nacionalidades y un saldo blanco en seguridad.<\/strong><\/p>\n<p><strong>Restauranteros locales reportaron picos de hasta 40\u202f% en ventas, gracias al flujo de turistas y la activaci\u00f3n de todos los sectores vinculados.<\/strong><\/p>\n<p><strong>Ambos festivales demuestran ser motores econ\u00f3micos extra estacionales: Vi\u00f1a fortalece su marca a nivel internacional cada febrero, mientras que, en Veracruz, Roc\u00edo Nahle Garc\u00eda ha apostado por la cultura como instrumento de desarrollo. Desde su participaci\u00f3n en ferias de turismo como FITUR Madrid y el Cervantino a mediados de octubre, hasta la promoci\u00f3n del jazz y otros g\u00e9neros, la mandataria ha elevado la imagen cultural del estado.<\/strong><\/p>\n<p><strong>Este impulso no habr\u00eda sido posible sin una mejora sustantiva en la seguridad p\u00fablica y en la infraestructura carretera de Veracruz.<\/strong><\/p>\n<p><strong>El combate frontal a la inseguridad, con presencia de Guardia Nacional, Ej\u00e9rcito y polic\u00eda local durante el Salsa Fest, fue clave para garantizar \u201csaldo blanco\u201d.<\/strong><\/p>\n<p><strong>Asimismo, los trabajos en carreteras han facilitado el acceso de visitantes tanto nacionales como extranjeros. Una reciente encuesta en foros de viajeros internacionales destac\u00f3 que \u201cmientras realices tus actividades en las zonas centro de Veracruz o Boca del R\u00edo, la seguridad est\u00e1 garantizada, incluso de noche\u201d.<\/strong><\/p>\n<p><strong>Si el Festival de Vi\u00f1a sustenta la econom\u00eda de la comuna mediante licitaciones millonarias, publicidad, impuestos y servicios, el Salsa Fest en Boca del R\u00edo, se alza como una plataforma de diversificaci\u00f3n econ\u00f3mica. <\/strong><\/p>\n<p><strong>Hoteles, restaurantes, bares, antros, tiendas de conveniencia e incluso taxistas se benefician, apuntalando empleos y consolidando un destino competitivo. Seg\u00fan la CANACO, la derrama se ubic\u00f3 en 500\u202fmillones de pesos en 2024, con previsiones de otro 15\u201320\u202f% de crecimiento en 2025.<\/strong><\/p>\n<p><strong>Los logros de Veracruz demuestran que la combinaci\u00f3n entre cultura de calidad, promoci\u00f3n estrat\u00e9gica y seguridad confiable no s\u00f3lo enriquece el alma de sus comunidades, sino que dinamiza su econom\u00eda. Vi\u00f1a del Mar sigue brillando como pilar de la cultura latinoamericana, mientras que Veracruz marca la ruta de un modelo replicable: el poder de un festival con impacto real, social y econ\u00f3mico, para as\u00ed lograr lo que tanto promueve la Gobernadora Nahle, hacer que Veracruz este de moda.<\/strong><\/p>\n<p><strong>\u00a0<\/strong><\/p>\n<p><strong>Al tiempo.<\/strong><\/p>\n<p><img data-recalc-dims=\"1\" loading=\"lazy\" decoding=\"async\" class=\"aligncenter size-full wp-image-65003\" src=\"https:\/\/i0.wp.com\/politicosaldesnudo.com.mx\/wp-content\/uploads\/2025\/06\/FIRMA-EDITORIAL-PD-4.jpg?resize=800%2C98&#038;ssl=1\" alt=\"\" width=\"800\" height=\"98\" srcset=\"https:\/\/i0.wp.com\/politicosaldesnudo.com.mx\/wp-content\/uploads\/2025\/06\/FIRMA-EDITORIAL-PD-4.jpg?w=1024&amp;ssl=1 1024w, https:\/\/i0.wp.com\/politicosaldesnudo.com.mx\/wp-content\/uploads\/2025\/06\/FIRMA-EDITORIAL-PD-4.jpg?resize=300%2C37&amp;ssl=1 300w, https:\/\/i0.wp.com\/politicosaldesnudo.com.mx\/wp-content\/uploads\/2025\/06\/FIRMA-EDITORIAL-PD-4.jpg?resize=768%2C94&amp;ssl=1 768w\" sizes=\"auto, (max-width: 800px) 100vw, 800px\" \/><\/p>\n","protected":false},"excerpt":{"rendered":"<p>\u201cDebemos estar unidos, incluso en la esperanza.\u201d \u2013 Elie Wisel. La sinergia entre cultura y turismo ha quedado plenamente demostrada<\/p>\n","protected":false},"author":4,"featured_media":36965,"comment_status":"closed","ping_status":"closed","sticky":false,"template":"","format":"standard","meta":{"colormag_page_container_layout":"default_layout","colormag_page_sidebar_layout":"default_layout","_jetpack_memberships_contains_paid_content":false,"footnotes":"","jetpack_publicize_message":"","jetpack_publicize_feature_enabled":true,"jetpack_social_post_already_shared":false,"jetpack_social_options":{"image_generator_settings":{"template":"highway","default_image_id":0,"font":"","enabled":false},"version":2}},"categories":[26],"tags":[],"class_list":["post-65017","post","type-post","status-publish","format-standard","has-post-thumbnail","hentry","category-columnistas"],"jetpack_publicize_connections":[],"jetpack_featured_media_url":"https:\/\/i0.wp.com\/politicosaldesnudo.com.mx\/wp-content\/uploads\/2024\/05\/LUIS-RAMIREZ-BAQUEIRO.jpg?fit=800%2C445&ssl=1","jetpack-related-posts":[],"jetpack_sharing_enabled":true,"_links":{"self":[{"href":"https:\/\/politicosaldesnudo.com.mx\/index.php\/wp-json\/wp\/v2\/posts\/65017","targetHints":{"allow":["GET"]}}],"collection":[{"href":"https:\/\/politicosaldesnudo.com.mx\/index.php\/wp-json\/wp\/v2\/posts"}],"about":[{"href":"https:\/\/politicosaldesnudo.com.mx\/index.php\/wp-json\/wp\/v2\/types\/post"}],"author":[{"embeddable":true,"href":"https:\/\/politicosaldesnudo.com.mx\/index.php\/wp-json\/wp\/v2\/users\/4"}],"replies":[{"embeddable":true,"href":"https:\/\/politicosaldesnudo.com.mx\/index.php\/wp-json\/wp\/v2\/comments?post=65017"}],"version-history":[{"count":0,"href":"https:\/\/politicosaldesnudo.com.mx\/index.php\/wp-json\/wp\/v2\/posts\/65017\/revisions"}],"wp:featuredmedia":[{"embeddable":true,"href":"https:\/\/politicosaldesnudo.com.mx\/index.php\/wp-json\/wp\/v2\/media\/36965"}],"wp:attachment":[{"href":"https:\/\/politicosaldesnudo.com.mx\/index.php\/wp-json\/wp\/v2\/media?parent=65017"}],"wp:term":[{"taxonomy":"category","embeddable":true,"href":"https:\/\/politicosaldesnudo.com.mx\/index.php\/wp-json\/wp\/v2\/categories?post=65017"},{"taxonomy":"post_tag","embeddable":true,"href":"https:\/\/politicosaldesnudo.com.mx\/index.php\/wp-json\/wp\/v2\/tags?post=65017"}],"curies":[{"name":"wp","href":"https:\/\/api.w.org\/{rel}","templated":true}]}}