{"id":65024,"date":"2025-06-16T01:27:21","date_gmt":"2025-06-16T07:27:21","guid":{"rendered":"https:\/\/politicosaldesnudo.com.mx\/?p=65024"},"modified":"2025-06-16T01:27:21","modified_gmt":"2025-06-16T07:27:21","slug":"mexico-al-g7","status":"publish","type":"post","link":"https:\/\/politicosaldesnudo.com.mx\/index.php\/2025\/06\/16\/mexico-al-g7\/","title":{"rendered":"M\u00e9xico al G7"},"content":{"rendered":"<p><span style=\"font-family: arial, helvetica, sans-serif; font-size: 18pt;\"><strong>ALMA GRANDE<\/strong><\/span><\/p>\n<p><span style=\"font-family: arial, helvetica, sans-serif; font-size: 18pt;\"><strong>Por \u00c1ngel \u00c1lvaro Pe\u00f1a<\/strong><\/span><\/p>\n<p><span style=\"font-family: arial, helvetica, sans-serif; font-size: 14pt;\">Todav\u00eda no acaba de entenderse la pol\u00edtica de la Cuarta Transformaci\u00f3n, ni siquiera por los expertos. Lo que sucede es que para ser experto se requiere de un objeto de estudio est\u00e1tico, paralizado y la realidad, producto de las ciencias sociales tiene una din\u00e1mica que no permite expertos.<\/span><\/p>\n<p><span style=\"font-family: arial, helvetica, sans-serif; font-size: 14pt;\">As\u00ed, la visita de la Presidenta Claudia Sheinbaum no puede compararse con la del ex presidente Andr\u00e9s Manuel L\u00f3pez Obrador si no se percibe la continuidad como factor esencial del ejercicio administrativo.<\/span><\/p>\n<p><span style=\"font-family: arial, helvetica, sans-serif; font-size: 14pt;\">La oposici\u00f3n se ha pasado meses enteros tratando de encontrar coincidencias y diferencias entre el sexenio pasado y el actual. La l\u00f3gica habla de una misma corriente pol\u00edtica que se lleva a cabo por convicci\u00f3n y no por consigna como suced\u00eda antes.<\/span><\/p>\n<p><span style=\"font-family: arial, helvetica, sans-serif; font-size: 14pt;\">Ante este escenario, la presencia de la Presidenta Claudia Sheinbaum en la Cumbre del G7, no habla de una manera diferente de gobernar respecto al pasado sino de un movimiento que sigue un proceso.<\/span><\/p>\n<p><span style=\"font-family: arial, helvetica, sans-serif; font-size: 14pt;\">La pol\u00edtica de L\u00f3pez Obrador fue primero asegurar la estabilidad del interior del pa\u00eds. Su frase de que la mejor pol\u00edtica exterior es la interior, lo dec\u00eda todo; sin embargo, esa etapa ha sido superada y es tiempo de salir a tratar a los pa\u00edses m\u00e1s fuertes del mundo de igual a igual.<\/span><\/p>\n<p><span style=\"font-family: arial, helvetica, sans-serif; font-size: 14pt;\">El crecimiento de M\u00e9xico ha superado al de Espa\u00f1a, pa\u00eds que por muchos a\u00f1os estuvo adelante. El a\u00f1o pasado, por ejemplo, no hubo crecimiento en Estados Unidos, pero en M\u00e9xico s\u00ed. Aunque todav\u00eda no llegamos al potencial de los miembros habituales del G7, se cuenta con una de las monedas m\u00e1s s\u00f3lidas en la actualidad.<\/span><\/p>\n<p><span style=\"font-family: arial, helvetica, sans-serif; font-size: 14pt;\">La presencia de la Presidenta Claudia Sheinbaum en la Cumbre del G7, que comienza este lunes en Canad\u00e1, abre una puerta m\u00e1s al movimiento al que pertenece, no marca diferencias con su antecesor ni crea expectativas que no est\u00e9n consideradas desde el principio del triunfo en 2018.<\/span><\/p>\n<p><span style=\"font-family: arial, helvetica, sans-serif; font-size: 14pt;\">Nuestra presidenta hablar\u00e1 con Trump sobre asuntos pendientes, pero con la ventaja que lo que se acuerde ser\u00e1 oficial pero no en el marco de la relaci\u00f3n bilateral. Es decir, ser\u00e1 fuera de protocolos y dentro de la l\u00f3gica, pero no por ello menos importantes.<\/span><\/p>\n<p><span style=\"font-family: arial, helvetica, sans-serif; font-size: 14pt;\">Claudia Sheinbaum se reunir\u00e1 con su hom\u00f3logo estadounidense, Donald Trump, en punto de las 15:40 horas y terminar\u00e1 a las 16:40 horas tiempo de la provincia de Alberta, Canad\u00e1, donde se realizar\u00e1 la Cumbre del G7. Dicha zona horaria coincide con la del centro de M\u00e9xico.<\/span><\/p>\n<p><span style=\"font-family: arial, helvetica, sans-serif; font-size: 14pt;\">Al mismo tiempo, el anfitri\u00f3n de la reuni\u00f3n ser\u00e1 la casa del otro socio comercial que es Canad\u00e1, donde M\u00e9xico tiene una gran trascendencia. Su posici\u00f3n y la fuerza social con la que cuenta la Presidenta, no la tiene ni Trump ni Mark Carney. Dentro de esta sociedad comercial, la mandataria mexicana habla con el respaldo del 81 por ciento de los habitantes de este pa\u00eds, su apoyo es una parte importante de cualquier negociaci\u00f3n, con la ventaja de que se platicar\u00e1 en un terreno neutro.<\/span><\/p>\n<p><span style=\"font-family: arial, helvetica, sans-serif; font-size: 14pt;\">M\u00e9xico ya est\u00e1 en las ligas mayores del mundo, la presencia de la Presidenta obliga a crear nuevas relaciones y a fortalecer las que ya existen. La condici\u00f3n de M\u00e9xico no es la misma de hace 10 a\u00f1os, ni siquiera la de hace cinco, M\u00e9xico ha crecido. Hay identidad en la gente y conciencia en el ciudadano.<\/span><\/p>\n<p><span style=\"font-family: arial, helvetica, sans-serif; font-size: 14pt;\">A menos de un mes de la m\u00e1s reciente llamada y la primera vez que estrechan sus manos Sheinbaum y Trump, la panor\u00e1mica es diferente. Hablaron por tel\u00e9fono el 22 de mayo y hay muchos temas por tratar y convenios que ajustar.<\/span><\/p>\n<p><span style=\"font-family: arial, helvetica, sans-serif; font-size: 14pt;\">La migraci\u00f3n y el impuesto del 3.5 por ciento a las remesas son los temas m\u00e1s \u00e1lgidos entre los dos pa\u00edses, que podr\u00edan quedar diluidos con una conversaci\u00f3n entre verdaderos vecinos.<\/span><\/p>\n<p><span style=\"font-family: arial, helvetica, sans-serif; font-size: 14pt;\">Trump tiene abiertos muchos frentes y ha tratado de imponer aranceles a m\u00e1s de 30 pa\u00edses, no le conviene tener al sur de su pa\u00eds un conflicto que puede traducirse en una preocupaci\u00f3n adicional. Porque nadie puede negar a estas alturas la opini\u00f3n e influencia al conflicto entre Israel e Ir\u00e1n, de la Casa Blanca.<\/span><\/p>\n<p><span style=\"font-family: arial, helvetica, sans-serif; font-size: 14pt;\">M\u00e9xico no se invit\u00f3 solo a la reuni\u00f3n, empresarios canadienses tuvieron la iniciativa de tenerla de frente y el resto acept\u00f3, porque necesitan conocer, a fondo, la estrategia econ\u00f3mica de un pa\u00eds que camina hacia adelante a pesar de los pron\u00f3sticos y varios problemas in\u00e9ditos por sortear.<\/span><\/p>\n<p><span style=\"font-family: arial, helvetica, sans-serif; font-size: 14pt;\">Alemania, Canad\u00e1, Estados Unidos, Francia, Italia, Jap\u00f3n y Reino Unido, son, en general, los anfitriones, con todos tiene comercio M\u00e9xico, es decir que para nadie es ajena la realidad de un pa\u00eds que tiene problemas en su interior, qui\u00e9n no los tiene, pero que a pesar de esos lastres, muchas veces creados por una oposici\u00f3n sin sentido, logra salir adelante, a un ritmo superior al de algunos de estos pa\u00edses.<\/span><\/p>\n<p><span style=\"font-family: arial, helvetica, sans-serif; font-size: 14pt;\">La buena relaci\u00f3n que pudiera tener M\u00e9xico con los otros pa\u00edses invitados, Brasil e India, es clave para el crecimiento, con cuyos representantes establecer\u00e1 v\u00ednculos fuertes y de proyecci\u00f3n al futuro.<\/span><\/p>\n<p><span style=\"font-family: arial, helvetica, sans-serif; font-size: 14pt;\">Por otra parte, la guerra en Medio Oriente, coloca a M\u00e9xico, con un potencial adicional, que a partir de estos d\u00edas aumentar\u00e1 14 por ciento el barril de crudo y si se cierra el Estrecho de Ormuz, el barril de petr\u00f3leo rebasar\u00e1 los 100 d\u00f3lares. Actualmente su precio es de 74.23 d\u00f3lares.<\/span><\/p>\n<p><span style=\"font-family: arial, helvetica, sans-serif; font-size: 14pt;\">Sheinbaum Pardo arribar\u00e1 a Calgary a las 15:30 horas, luego de una escala en Vancouver. A las seis de la tarde de ese mismo d\u00eda se reunir\u00e1 con el Consejo Empresarial de Canad\u00e1 en un hotel de Calgary.\u00a0<\/span><\/p>\n<p><span style=\"font-family: arial, helvetica, sans-serif; font-size: 14pt;\">Participar\u00e1 en la Cumbre el pr\u00f3ximo martes 17 de junio. En punto de las 11:20 horas se tomar\u00e1 una\u00a0foto oficial\u00a0con los l\u00edderes que participan en el encuentro.<\/span><\/p>\n<p><span style=\"font-family: arial, helvetica, sans-serif; font-size: 14pt;\">En punto de las 11:40, la titular del Ejecutivo tendr\u00e1 una reuni\u00f3n trilateral con el Consejo Europeo y la Comisi\u00f3n Europea. Para las 12:20, Sheinbaum tendr\u00e1 una reuni\u00f3n bilateral con la India, donde se prev\u00e9 tenga un encuentro con el primer ministro Narendra Modi, con quien se disputa el t\u00edtulo del mandatario m\u00e1s popular dentro de sus fronteras.<\/span><\/p>\n<p><span style=\"font-family: arial, helvetica, sans-serif; font-size: 14pt;\">Con Trump se reunir\u00e1 el martes de 15:40 a 16:40 horas y con el primer ministro canadiense conversar\u00e1 de 17:40 a 18:10 horas.<\/span><\/p>\n<p><span style=\"font-family: arial, helvetica, sans-serif; font-size: 14pt;\">M\u00e9xico est\u00e1 en la cumbre y seguir\u00e1 trabajando para subir m\u00e1s en la escala mundial de la econom\u00eda, a pesar de las adversidades que dentro y fuera de nuestro pa\u00eds suceden.<\/span><\/p>\n<p><span style=\"font-family: arial, helvetica, sans-serif; font-size: 14pt;\">El proyecto, personalidad e inteligencia de la Presidenta de M\u00e9xico ser\u00e1n clave para el futuro de la econom\u00eda del pa\u00eds.<\/span><\/p>\n<p><span style=\"font-family: arial, helvetica, sans-serif; font-size: 14pt;\"><strong>PEGA Y CORRE.-<\/strong> El Instituto Nacional Electoral declar\u00f3 v\u00e1lidos los comicios del pasado 1 de junio para elegir ministros de la Suprema Corte de Justicia\u2026Esta columna se publica los lunes, mi\u00e9rcoles y viernes.<\/span><\/p>\n<p><img data-recalc-dims=\"1\" loading=\"lazy\" decoding=\"async\" class=\"aligncenter size-full wp-image-65003\" src=\"https:\/\/i0.wp.com\/politicosaldesnudo.com.mx\/wp-content\/uploads\/2025\/06\/FIRMA-EDITORIAL-PD-4.jpg?resize=800%2C98&#038;ssl=1\" alt=\"\" width=\"800\" height=\"98\" srcset=\"https:\/\/i0.wp.com\/politicosaldesnudo.com.mx\/wp-content\/uploads\/2025\/06\/FIRMA-EDITORIAL-PD-4.jpg?w=1024&amp;ssl=1 1024w, https:\/\/i0.wp.com\/politicosaldesnudo.com.mx\/wp-content\/uploads\/2025\/06\/FIRMA-EDITORIAL-PD-4.jpg?resize=300%2C37&amp;ssl=1 300w, https:\/\/i0.wp.com\/politicosaldesnudo.com.mx\/wp-content\/uploads\/2025\/06\/FIRMA-EDITORIAL-PD-4.jpg?resize=768%2C94&amp;ssl=1 768w\" sizes=\"auto, (max-width: 800px) 100vw, 800px\" \/><\/p>\n","protected":false},"excerpt":{"rendered":"<p>ALMA GRANDE Por \u00c1ngel \u00c1lvaro Pe\u00f1a Todav\u00eda no acaba de entenderse la pol\u00edtica de la Cuarta Transformaci\u00f3n, ni siquiera por<\/p>\n","protected":false},"author":4,"featured_media":65025,"comment_status":"closed","ping_status":"closed","sticky":false,"template":"","format":"standard","meta":{"colormag_page_container_layout":"default_layout","colormag_page_sidebar_layout":"default_layout","_jetpack_memberships_contains_paid_content":false,"footnotes":"","jetpack_publicize_message":"","jetpack_publicize_feature_enabled":true,"jetpack_social_post_already_shared":false,"jetpack_social_options":{"image_generator_settings":{"template":"highway","default_image_id":0,"font":"","enabled":false},"version":2}},"categories":[26],"tags":[],"class_list":["post-65024","post","type-post","status-publish","format-standard","has-post-thumbnail","hentry","category-columnistas"],"jetpack_publicize_connections":[],"jetpack_featured_media_url":"https:\/\/i0.wp.com\/politicosaldesnudo.com.mx\/wp-content\/uploads\/2025\/06\/BANNER-LOPEZ-DORIGA-DIGITAL-2.jpg?fit=800%2C445&ssl=1","jetpack-related-posts":[],"jetpack_sharing_enabled":true,"_links":{"self":[{"href":"https:\/\/politicosaldesnudo.com.mx\/index.php\/wp-json\/wp\/v2\/posts\/65024","targetHints":{"allow":["GET"]}}],"collection":[{"href":"https:\/\/politicosaldesnudo.com.mx\/index.php\/wp-json\/wp\/v2\/posts"}],"about":[{"href":"https:\/\/politicosaldesnudo.com.mx\/index.php\/wp-json\/wp\/v2\/types\/post"}],"author":[{"embeddable":true,"href":"https:\/\/politicosaldesnudo.com.mx\/index.php\/wp-json\/wp\/v2\/users\/4"}],"replies":[{"embeddable":true,"href":"https:\/\/politicosaldesnudo.com.mx\/index.php\/wp-json\/wp\/v2\/comments?post=65024"}],"version-history":[{"count":0,"href":"https:\/\/politicosaldesnudo.com.mx\/index.php\/wp-json\/wp\/v2\/posts\/65024\/revisions"}],"wp:featuredmedia":[{"embeddable":true,"href":"https:\/\/politicosaldesnudo.com.mx\/index.php\/wp-json\/wp\/v2\/media\/65025"}],"wp:attachment":[{"href":"https:\/\/politicosaldesnudo.com.mx\/index.php\/wp-json\/wp\/v2\/media?parent=65024"}],"wp:term":[{"taxonomy":"category","embeddable":true,"href":"https:\/\/politicosaldesnudo.com.mx\/index.php\/wp-json\/wp\/v2\/categories?post=65024"},{"taxonomy":"post_tag","embeddable":true,"href":"https:\/\/politicosaldesnudo.com.mx\/index.php\/wp-json\/wp\/v2\/tags?post=65024"}],"curies":[{"name":"wp","href":"https:\/\/api.w.org\/{rel}","templated":true}]}}