{"id":65029,"date":"2025-06-16T19:17:23","date_gmt":"2025-06-17T01:17:23","guid":{"rendered":"https:\/\/politicosaldesnudo.com.mx\/?p=65029"},"modified":"2025-06-16T19:17:23","modified_gmt":"2025-06-17T01:17:23","slug":"gobierno-de-tuxpan-exhorta-a-la-poblacion-a-tomar-precauciones-por-las-lluvias-que-se-estaran-presentando-este-lunes","status":"publish","type":"post","link":"https:\/\/politicosaldesnudo.com.mx\/index.php\/2025\/06\/16\/gobierno-de-tuxpan-exhorta-a-la-poblacion-a-tomar-precauciones-por-las-lluvias-que-se-estaran-presentando-este-lunes\/","title":{"rendered":"Gobierno de Tuxpan exhorta a la poblaci\u00f3n a tomar precauciones por las lluvias que se estar\u00e1n presentando este lunes"},"content":{"rendered":"<p>Tuxpan, Ver. 16 de junio de 2025.- Ante el temporal lluvioso que est\u00e1 en marcha, el Gobierno de Tuxpan exhorta a la poblaci\u00f3n a tomar precauciones y a mantenerse informada por los canales oficiales.<\/p>\n<p><img data-recalc-dims=\"1\" loading=\"lazy\" decoding=\"async\" class=\"aligncenter size-full wp-image-65032\" src=\"https:\/\/i0.wp.com\/politicosaldesnudo.com.mx\/wp-content\/uploads\/2025\/06\/WhatsApp-Image-2025-06-16-at-08.31.50.jpeg?resize=800%2C600&#038;ssl=1\" alt=\"\" width=\"800\" height=\"600\" srcset=\"https:\/\/i0.wp.com\/politicosaldesnudo.com.mx\/wp-content\/uploads\/2025\/06\/WhatsApp-Image-2025-06-16-at-08.31.50.jpeg?w=960&amp;ssl=1 960w, https:\/\/i0.wp.com\/politicosaldesnudo.com.mx\/wp-content\/uploads\/2025\/06\/WhatsApp-Image-2025-06-16-at-08.31.50.jpeg?resize=300%2C225&amp;ssl=1 300w, https:\/\/i0.wp.com\/politicosaldesnudo.com.mx\/wp-content\/uploads\/2025\/06\/WhatsApp-Image-2025-06-16-at-08.31.50.jpeg?resize=768%2C576&amp;ssl=1 768w\" sizes=\"auto, (max-width: 800px) 100vw, 800px\" \/><\/p>\n<p>Asimismo, puso a disposici\u00f3n de la ciudadan\u00eda los n\u00fameros telef\u00f3nicos para atender cualquier emergencia en esta temporada de lluvias: Protecci\u00f3n Civil 783 83 50127, Bomberos 783 83 40646 y 911 Emergencias.<\/p>\n<p><img data-recalc-dims=\"1\" loading=\"lazy\" decoding=\"async\" class=\"aligncenter size-large wp-image-65030\" src=\"https:\/\/i0.wp.com\/politicosaldesnudo.com.mx\/wp-content\/uploads\/2025\/06\/WhatsApp-Image-2025-06-16-at-08.25.18-1-1024x1024.jpeg?resize=800%2C800&#038;ssl=1\" alt=\"\" width=\"800\" height=\"800\" srcset=\"https:\/\/i0.wp.com\/politicosaldesnudo.com.mx\/wp-content\/uploads\/2025\/06\/WhatsApp-Image-2025-06-16-at-08.25.18-1.jpeg?resize=1024%2C1024&amp;ssl=1 1024w, https:\/\/i0.wp.com\/politicosaldesnudo.com.mx\/wp-content\/uploads\/2025\/06\/WhatsApp-Image-2025-06-16-at-08.25.18-1.jpeg?resize=300%2C300&amp;ssl=1 300w, https:\/\/i0.wp.com\/politicosaldesnudo.com.mx\/wp-content\/uploads\/2025\/06\/WhatsApp-Image-2025-06-16-at-08.25.18-1.jpeg?resize=150%2C150&amp;ssl=1 150w, https:\/\/i0.wp.com\/politicosaldesnudo.com.mx\/wp-content\/uploads\/2025\/06\/WhatsApp-Image-2025-06-16-at-08.25.18-1.jpeg?resize=768%2C767&amp;ssl=1 768w, https:\/\/i0.wp.com\/politicosaldesnudo.com.mx\/wp-content\/uploads\/2025\/06\/WhatsApp-Image-2025-06-16-at-08.25.18-1.jpeg?resize=1536%2C1534&amp;ssl=1 1536w, https:\/\/i0.wp.com\/politicosaldesnudo.com.mx\/wp-content\/uploads\/2025\/06\/WhatsApp-Image-2025-06-16-at-08.25.18-1.jpeg?w=1600&amp;ssl=1 1600w\" sizes=\"auto, (max-width: 800px) 100vw, 800px\" \/><\/p>\n<p>Es importante mencionar que las lluvias habr\u00e1n de continuar a lo largo de este lunes y en los siguientes d\u00edas, aumentando el riesgo de inundaciones en partes bajas, deslaves en cerros y ca\u00edda de \u00e1rboles en caso de fuertes rachas.<\/p>\n<p>En caso de que requieran alg\u00fan tipo de ayuda, por los efectos del temporal lluvioso, no dude en llamar a los n\u00fameros de emergencia.<\/p>\n","protected":false},"excerpt":{"rendered":"<p>Tuxpan, Ver. 16 de junio de 2025.- Ante el temporal lluvioso que est\u00e1 en marcha, el Gobierno de Tuxpan exhorta<\/p>\n","protected":false},"author":4,"featured_media":65031,"comment_status":"closed","ping_status":"closed","sticky":false,"template":"","format":"standard","meta":{"colormag_page_container_layout":"default_layout","colormag_page_sidebar_layout":"default_layout","_jetpack_memberships_contains_paid_content":false,"footnotes":"","jetpack_publicize_message":"","jetpack_publicize_feature_enabled":true,"jetpack_social_post_already_shared":false,"jetpack_social_options":{"image_generator_settings":{"template":"highway","default_image_id":0,"font":"","enabled":false},"version":2}},"categories":[3205,1082],"tags":[],"class_list":["post-65029","post","type-post","status-publish","format-standard","has-post-thumbnail","hentry","category-gobierno-tuxpan","category-tuxpan"],"jetpack_publicize_connections":[],"jetpack_featured_media_url":"https:\/\/i0.wp.com\/politicosaldesnudo.com.mx\/wp-content\/uploads\/2025\/06\/WhatsApp-Image-2025-06-16-at-08.25.18.jpeg?fit=1225%2C881&ssl=1","jetpack-related-posts":[],"jetpack_sharing_enabled":true,"_links":{"self":[{"href":"https:\/\/politicosaldesnudo.com.mx\/index.php\/wp-json\/wp\/v2\/posts\/65029","targetHints":{"allow":["GET"]}}],"collection":[{"href":"https:\/\/politicosaldesnudo.com.mx\/index.php\/wp-json\/wp\/v2\/posts"}],"about":[{"href":"https:\/\/politicosaldesnudo.com.mx\/index.php\/wp-json\/wp\/v2\/types\/post"}],"author":[{"embeddable":true,"href":"https:\/\/politicosaldesnudo.com.mx\/index.php\/wp-json\/wp\/v2\/users\/4"}],"replies":[{"embeddable":true,"href":"https:\/\/politicosaldesnudo.com.mx\/index.php\/wp-json\/wp\/v2\/comments?post=65029"}],"version-history":[{"count":0,"href":"https:\/\/politicosaldesnudo.com.mx\/index.php\/wp-json\/wp\/v2\/posts\/65029\/revisions"}],"wp:featuredmedia":[{"embeddable":true,"href":"https:\/\/politicosaldesnudo.com.mx\/index.php\/wp-json\/wp\/v2\/media\/65031"}],"wp:attachment":[{"href":"https:\/\/politicosaldesnudo.com.mx\/index.php\/wp-json\/wp\/v2\/media?parent=65029"}],"wp:term":[{"taxonomy":"category","embeddable":true,"href":"https:\/\/politicosaldesnudo.com.mx\/index.php\/wp-json\/wp\/v2\/categories?post=65029"},{"taxonomy":"post_tag","embeddable":true,"href":"https:\/\/politicosaldesnudo.com.mx\/index.php\/wp-json\/wp\/v2\/tags?post=65029"}],"curies":[{"name":"wp","href":"https:\/\/api.w.org\/{rel}","templated":true}]}}