{"id":65080,"date":"2025-06-17T00:11:30","date_gmt":"2025-06-17T06:11:30","guid":{"rendered":"https:\/\/politicosaldesnudo.com.mx\/?p=65080"},"modified":"2025-06-16T22:58:49","modified_gmt":"2025-06-17T04:58:49","slug":"planea-infonavit-regularizar-un-estimado-de-843-mil-viviendas","status":"publish","type":"post","link":"https:\/\/politicosaldesnudo.com.mx\/index.php\/2025\/06\/17\/planea-infonavit-regularizar-un-estimado-de-843-mil-viviendas\/","title":{"rendered":"Planea Infonavit regularizar un estimado de 843 mil viviendas"},"content":{"rendered":"<p>El Instituto del Fondo Nacional de la Vivienda para los Trabajadores (Infonavit) proyecta regularizar vivienda irregular, que incluye tanto a derechohabientes que dejaron de pagar sus cr\u00e9ditos pero permanecen en sus hogares, como a los casos de quienes han invadido viviendas abandonadas. En esos casos se les ofrecer\u00e1 un esquema de renta con opci\u00f3n a compra, detall\u00f3 el director general del instituto, Octavio Romero Oropeza.<\/p>\n<p>Como parte de un informe sobre la estrategia Viviendas para el Bienestar en la conferencia de prensa matutina en Palacio Nacional, el funcionario federal explic\u00f3 este lunes que la dependencia calcula que hay 843 mil viviendas con diversos problemas, ya sea \u201cabandonadas o vandalizadas\u201d, producto, dijo, de la \u201cirresponsabilidad o de la corrupci\u00f3n de administraciones anteriores al presidente L\u00f3pez Obrador\u201d.<\/p>\n<p>Para analizar esta problem\u00e1tica se inici\u00f3 un censo que hasta el momento se ha aplicado en 168 mil viviendas, de las que 23 mil est\u00e1n deshabitadas y 145 mil est\u00e1n habitadas, algunos por quienes no pagaron su cr\u00e9dito o por \u201cgente que, no teniendo vivienda, las vio desocupadas, y las est\u00e1 ocupando de manera irregular\u201d.<\/p>\n<p>\u201cLa idea es que ya no haya desalojos, antes es lo que se acostumbraba\u201d, pero se prohibi\u00f3 en el sexenio pasado, sostuvo Romero Oropeza.<\/p>\n<p>Agreg\u00f3 que \u201cla instrucci\u00f3n de la presidenta es hablar con cada uno de estos\u2026 que est\u00e1n dentro de las viviendas y buscarles una soluci\u00f3n (&#8230;) no los vamos a sacar, pero s\u00ed les vamos a advertir que si no se regulariza, nunca va a ser due\u00f1o de la vivienda. La puede ocupar, pero no va a ser de \u00e9l y lo que queremos es que sea de \u00e9l. Lo que estamos planteando es que la puedan adquirir a un precio muy econ\u00f3mico, con un esquema, si no son derechohabientes, con un esquema de renta con opci\u00f3n a compra, de manera que vayan pagando la renta y al mismo tiempo la casa, y a los cuatro o cinco a\u00f1os sean due\u00f1os ya de la vivienda\u201d.<\/p>\n<p>Tras reconocer que hay casos en los que las casas podr\u00edan \u201cestar ocupadas por un tercero\u201d, se le consult\u00f3 sobre c\u00f3mo proceder\u00e1 la dependencia ante los due\u00f1os originales que pudieran intentar recuperar sus hogares. Adelant\u00f3 que se les \u201creprogramar\u00e1 o reestructurar\u00e1\u201d su cr\u00e9dito, pero descart\u00f3\u00a0\u00a0realizar desalojos.<\/p>\n<p>\u201cLo que queremos hacer, por instrucciones de la presidenta es regularizar a estas personas, que evidentemente no son derechohabiente pero que s\u00ed podr\u00edan recibir un arrendamiento con opci\u00f3n a compra para quedarse con las viviendas. En el caso de quienes pudieran estar todav\u00eda como due\u00f1os, lo que estar\u00edamos haciendo es reprogramando, reestructurando su cr\u00e9dito para que se quede con la vivienda que tiene\u201d.<\/p>\n<p>-\u00bfSe sacar\u00e1 a quienes invadieron?- se le pregunt\u00f3.<\/p>\n<p>-En el caso de que tuviesen esa vivienda, lo que se ver\u00eda es c\u00f3mo les reponemos la vivienda, acu\u00e9rdense que hay muchas viviendas abandonadas que vamos a rehabilitar- respondi\u00f3.<\/p>\n<p>Sobre el caso de las viviendas deshabitadas, buscar\u00e1n rehabilitarlas con servicios b\u00e1sicos, para que puedan ser adquiridas con esquema de renta con opci\u00f3n a compra.<\/p>\n","protected":false},"excerpt":{"rendered":"<p>El Instituto del Fondo Nacional de la Vivienda para los Trabajadores (Infonavit) proyecta regularizar vivienda irregular, que incluye tanto a<\/p>\n","protected":false},"author":4,"featured_media":65081,"comment_status":"closed","ping_status":"closed","sticky":false,"template":"","format":"standard","meta":{"colormag_page_container_layout":"default_layout","colormag_page_sidebar_layout":"default_layout","_jetpack_memberships_contains_paid_content":false,"footnotes":"","jetpack_publicize_message":"","jetpack_publicize_feature_enabled":true,"jetpack_social_post_already_shared":false,"jetpack_social_options":{"image_generator_settings":{"template":"highway","default_image_id":0,"font":"","enabled":false},"version":2}},"categories":[2050],"tags":[],"class_list":["post-65080","post","type-post","status-publish","format-standard","has-post-thumbnail","hentry","category-economia"],"jetpack_publicize_connections":[],"jetpack_featured_media_url":"https:\/\/i0.wp.com\/politicosaldesnudo.com.mx\/wp-content\/uploads\/2025\/06\/INFO.jpg?fit=781%2C512&ssl=1","jetpack-related-posts":[],"jetpack_sharing_enabled":true,"_links":{"self":[{"href":"https:\/\/politicosaldesnudo.com.mx\/index.php\/wp-json\/wp\/v2\/posts\/65080","targetHints":{"allow":["GET"]}}],"collection":[{"href":"https:\/\/politicosaldesnudo.com.mx\/index.php\/wp-json\/wp\/v2\/posts"}],"about":[{"href":"https:\/\/politicosaldesnudo.com.mx\/index.php\/wp-json\/wp\/v2\/types\/post"}],"author":[{"embeddable":true,"href":"https:\/\/politicosaldesnudo.com.mx\/index.php\/wp-json\/wp\/v2\/users\/4"}],"replies":[{"embeddable":true,"href":"https:\/\/politicosaldesnudo.com.mx\/index.php\/wp-json\/wp\/v2\/comments?post=65080"}],"version-history":[{"count":0,"href":"https:\/\/politicosaldesnudo.com.mx\/index.php\/wp-json\/wp\/v2\/posts\/65080\/revisions"}],"wp:featuredmedia":[{"embeddable":true,"href":"https:\/\/politicosaldesnudo.com.mx\/index.php\/wp-json\/wp\/v2\/media\/65081"}],"wp:attachment":[{"href":"https:\/\/politicosaldesnudo.com.mx\/index.php\/wp-json\/wp\/v2\/media?parent=65080"}],"wp:term":[{"taxonomy":"category","embeddable":true,"href":"https:\/\/politicosaldesnudo.com.mx\/index.php\/wp-json\/wp\/v2\/categories?post=65080"},{"taxonomy":"post_tag","embeddable":true,"href":"https:\/\/politicosaldesnudo.com.mx\/index.php\/wp-json\/wp\/v2\/tags?post=65080"}],"curies":[{"name":"wp","href":"https:\/\/api.w.org\/{rel}","templated":true}]}}