{"id":65089,"date":"2025-06-17T00:14:58","date_gmt":"2025-06-17T06:14:58","guid":{"rendered":"https:\/\/politicosaldesnudo.com.mx\/?p=65089"},"modified":"2025-06-16T23:04:02","modified_gmt":"2025-06-17T05:04:02","slug":"ciclon-tropical-cinco-e-sera-huracan-categoria-1-impactara-en-oaxaca","status":"publish","type":"post","link":"https:\/\/politicosaldesnudo.com.mx\/index.php\/2025\/06\/17\/ciclon-tropical-cinco-e-sera-huracan-categoria-1-impactara-en-oaxaca\/","title":{"rendered":"Cicl\u00f3n tropical Cinco-E ser\u00e1 hurac\u00e1n categor\u00eda 1; impactar\u00e1 en Oaxaca"},"content":{"rendered":"<p class=\"nota-justify\">El posible cicl\u00f3n tropical Cinco-E se intensificar\u00e1 el pr\u00f3ximo mi\u00e9rcoles como hurac\u00e1n categor\u00eda 1, bajo el nombre de Erick, e impactar\u00e1 muy cerca de las costas de Puerto Escondido, en Oaxaca, la ma\u00f1ana o el mediod\u00eda del jueves, inform\u00f3 el Servicio Meteorol\u00f3gico Nacional (SMN).<\/p>\n<p class=\"nota-justify\">Fabi\u00e1n V\u00e1zquez Roma\u00f1a, coordinador general del SMN, explic\u00f3 este lunes que a partir de ma\u00f1ana Cinco-E se convertir\u00e1 en tormenta tropical y retomar\u00e1 m\u00e1s fuerza conforme avance hacia las costas mexicanas gracias a las condiciones del oc\u00e9ano y la atm\u00f3sfera. Debido a su fuerte comportamiento, destac\u00f3 que se debe seguir el monitoreo del sistema porque estar\u00eda muy cerca de alcanzar a ser hurac\u00e1n categor\u00eda 2 justo antes de tocar territorio nacional.<\/p>\n<p class=\"nota-justify\">Alert\u00f3 que Erick impactar\u00e1 las costas oaxaque\u00f1as con rachas de viento que podr\u00edan llegar hasta los 200 kil\u00f3metros por hora y vientos sostenidos de 185 kil\u00f3metros por hora, cuyos efectos tambi\u00e9n se extender\u00e1n ligeramente hasta la parte oriental de Guerrero. Apunt\u00f3 que el oleaje alcance entre 6 y 7 metros de altura, sin descartar que estos movimientos se presenten tambi\u00e9n en Guerrero y Chiapas.<\/p>\n<p class=\"nota-justify\">V\u00e1zquez Roma\u00f1a Indic\u00f3 que para lunes y martes se registrar\u00e1n lluvias intensas para Oaxaca, Guerrero y Chiapas, adem\u00e1s de algunas partes de Tabasco, Veracruz y las costas de Michoac\u00e1n. Para las zonas del centro presentar\u00e1n de fuertes a muy fuertes, incluido el Valle de M\u00e9xico, y hacia el norte ser\u00e1n fuertes y la presencia de algunos chubascos.<\/p>\n<p class=\"nota-justify\">A partir del mi\u00e9rcoles las precipitaciones ser\u00e1n extraordinarias para Oaxaca y Chiapas; torrenciales en Guerrero, Veracruz y Tabasco; intensas y muy fuertes para el centro, y para el norte ir\u00e1n de muy fuertes a chubascos. Para el jueves las lluvias extraordinarias se concentrar\u00e1n en Oaxaca, y en la mayor parte del territorio se comportar\u00e1n de manera similar que al d\u00eda anterior.<\/p>\n","protected":false},"excerpt":{"rendered":"<p>El posible cicl\u00f3n tropical Cinco-E se intensificar\u00e1 el pr\u00f3ximo mi\u00e9rcoles como hurac\u00e1n categor\u00eda 1, bajo el nombre de Erick, e<\/p>\n","protected":false},"author":4,"featured_media":65090,"comment_status":"closed","ping_status":"closed","sticky":false,"template":"","format":"standard","meta":{"colormag_page_container_layout":"default_layout","colormag_page_sidebar_layout":"default_layout","_jetpack_memberships_contains_paid_content":false,"footnotes":"","jetpack_publicize_message":"","jetpack_publicize_feature_enabled":true,"jetpack_social_post_already_shared":false,"jetpack_social_options":{"image_generator_settings":{"template":"highway","default_image_id":0,"font":"","enabled":false},"version":2}},"categories":[30],"tags":[],"class_list":["post-65089","post","type-post","status-publish","format-standard","has-post-thumbnail","hentry","category-estados"],"jetpack_publicize_connections":[],"jetpack_featured_media_url":"https:\/\/i0.wp.com\/politicosaldesnudo.com.mx\/wp-content\/uploads\/2025\/06\/HUR-1.jpg?fit=663%2C469&ssl=1","jetpack-related-posts":[],"jetpack_sharing_enabled":true,"_links":{"self":[{"href":"https:\/\/politicosaldesnudo.com.mx\/index.php\/wp-json\/wp\/v2\/posts\/65089","targetHints":{"allow":["GET"]}}],"collection":[{"href":"https:\/\/politicosaldesnudo.com.mx\/index.php\/wp-json\/wp\/v2\/posts"}],"about":[{"href":"https:\/\/politicosaldesnudo.com.mx\/index.php\/wp-json\/wp\/v2\/types\/post"}],"author":[{"embeddable":true,"href":"https:\/\/politicosaldesnudo.com.mx\/index.php\/wp-json\/wp\/v2\/users\/4"}],"replies":[{"embeddable":true,"href":"https:\/\/politicosaldesnudo.com.mx\/index.php\/wp-json\/wp\/v2\/comments?post=65089"}],"version-history":[{"count":0,"href":"https:\/\/politicosaldesnudo.com.mx\/index.php\/wp-json\/wp\/v2\/posts\/65089\/revisions"}],"wp:featuredmedia":[{"embeddable":true,"href":"https:\/\/politicosaldesnudo.com.mx\/index.php\/wp-json\/wp\/v2\/media\/65090"}],"wp:attachment":[{"href":"https:\/\/politicosaldesnudo.com.mx\/index.php\/wp-json\/wp\/v2\/media?parent=65089"}],"wp:term":[{"taxonomy":"category","embeddable":true,"href":"https:\/\/politicosaldesnudo.com.mx\/index.php\/wp-json\/wp\/v2\/categories?post=65089"},{"taxonomy":"post_tag","embeddable":true,"href":"https:\/\/politicosaldesnudo.com.mx\/index.php\/wp-json\/wp\/v2\/tags?post=65089"}],"curies":[{"name":"wp","href":"https:\/\/api.w.org\/{rel}","templated":true}]}}