{"id":65092,"date":"2025-06-17T00:15:34","date_gmt":"2025-06-17T06:15:34","guid":{"rendered":"https:\/\/politicosaldesnudo.com.mx\/?p=65092"},"modified":"2025-06-16T23:05:50","modified_gmt":"2025-06-17T05:05:50","slug":"fiscalia-de-tamaulipas-investiga-a-ex-funcionarios-por-desfalco-de-2-mil-500-mdp","status":"publish","type":"post","link":"https:\/\/politicosaldesnudo.com.mx\/index.php\/2025\/06\/17\/fiscalia-de-tamaulipas-investiga-a-ex-funcionarios-por-desfalco-de-2-mil-500-mdp\/","title":{"rendered":"Fiscal\u00eda de Tamaulipas investiga a ex funcionarios por desfalco de 2 mil 500 mdp"},"content":{"rendered":"<p class=\"nota-justify\">La Fiscal\u00eda Estatal Anticorrupci\u00f3n investiga a Jorge Abrego Adame, quien se desempe\u00f1\u00f3 como secretario de finanzas durante la administraci\u00f3n del ex gobernador Egidio Torre Cant\u00fa, que adem\u00e1s tambi\u00e9n es investigado por su probable responsabilidad junto con otros nueve funcionarios de su administraci\u00f3n por su participaci\u00f3n en un desfalco de 2 mil 500 millones de pesos que no fueron ingresados al Instituto de Previsi\u00f3n y Seguridad Social del Estado (IPSSET).<\/p>\n<p class=\"nota-justify\">Eduardo Govea Orozco, titular de la Fiscal\u00eda Anticorrupci\u00f3n, inform\u00f3 que la carpeta de investigaci\u00f3n tiene avances relevantes, ya que de acuerdo a la Ley de Servidores P\u00fablicos, los ex funcionarios a\u00fan tienen responsabilidad por el da\u00f1o a las aportaciones que no fueron ingresadas al sistema de pensiones y jubilaciones, y que les fueron retenidas a trabajadores de Tamaulipas durante el periodo de los a\u00f1os 2010 al 2016, cuando Torre Cant\u00fa se desempe\u00f1\u00f3 como gobernante.<\/p>\n<p class=\"nota-justify\">Indic\u00f3 que las cuotas no ingresadas de administraciones gubernamentales anteriores corresponden a pensiones, servicios m\u00e9dicos, pr\u00e9stamos y ahorros, por ello se investiga a Torre Cant\u00fa y ex servidores p\u00fablicos para determinar cu\u00e1l es la posible responsabilidad.<\/p>\n<p class=\"nota-justify\">\u00abEstamos analizando y esclareciendo la intervenci\u00f3n y el grado de responsabilidad de los ex secretarios y ex titulares de organismos relacionados con el Fondo de Pensiones y Jubilaciones, son m\u00e1s de 10 ex funcionarios incluido el ex gobernante\u201d, coment\u00f3.<\/p>\n<p class=\"nota-justify\">Dijo que por la gravedad del desfalco la Fiscal\u00eda realiz\u00f3 nuevas investigaciones para determinar con precisi\u00f3n los montos de las retenciones que dejaron de entrar.<\/p>\n<p class=\"nota-justify\">Recalc\u00f3 que las denuncias por desfalco las presentaron el Instituto de Previsi\u00f3n y Seguridad Social del Estado, la Secretar\u00eda de Finanzas y la Auditor\u00eda Superior del Estado.<\/p>\n","protected":false},"excerpt":{"rendered":"<p>La Fiscal\u00eda Estatal Anticorrupci\u00f3n investiga a Jorge Abrego Adame, quien se desempe\u00f1\u00f3 como secretario de finanzas durante la administraci\u00f3n del<\/p>\n","protected":false},"author":4,"featured_media":65093,"comment_status":"closed","ping_status":"closed","sticky":false,"template":"","format":"standard","meta":{"colormag_page_container_layout":"default_layout","colormag_page_sidebar_layout":"default_layout","_jetpack_memberships_contains_paid_content":false,"footnotes":"","jetpack_publicize_message":"","jetpack_publicize_feature_enabled":true,"jetpack_social_post_already_shared":false,"jetpack_social_options":{"image_generator_settings":{"template":"highway","default_image_id":0,"font":"","enabled":false},"version":2}},"categories":[30],"tags":[],"class_list":["post-65092","post","type-post","status-publish","format-standard","has-post-thumbnail","hentry","category-estados"],"jetpack_publicize_connections":[],"jetpack_featured_media_url":"https:\/\/i0.wp.com\/politicosaldesnudo.com.mx\/wp-content\/uploads\/2025\/06\/DESFL.jpg?fit=671%2C401&ssl=1","jetpack-related-posts":[],"jetpack_sharing_enabled":true,"_links":{"self":[{"href":"https:\/\/politicosaldesnudo.com.mx\/index.php\/wp-json\/wp\/v2\/posts\/65092","targetHints":{"allow":["GET"]}}],"collection":[{"href":"https:\/\/politicosaldesnudo.com.mx\/index.php\/wp-json\/wp\/v2\/posts"}],"about":[{"href":"https:\/\/politicosaldesnudo.com.mx\/index.php\/wp-json\/wp\/v2\/types\/post"}],"author":[{"embeddable":true,"href":"https:\/\/politicosaldesnudo.com.mx\/index.php\/wp-json\/wp\/v2\/users\/4"}],"replies":[{"embeddable":true,"href":"https:\/\/politicosaldesnudo.com.mx\/index.php\/wp-json\/wp\/v2\/comments?post=65092"}],"version-history":[{"count":0,"href":"https:\/\/politicosaldesnudo.com.mx\/index.php\/wp-json\/wp\/v2\/posts\/65092\/revisions"}],"wp:featuredmedia":[{"embeddable":true,"href":"https:\/\/politicosaldesnudo.com.mx\/index.php\/wp-json\/wp\/v2\/media\/65093"}],"wp:attachment":[{"href":"https:\/\/politicosaldesnudo.com.mx\/index.php\/wp-json\/wp\/v2\/media?parent=65092"}],"wp:term":[{"taxonomy":"category","embeddable":true,"href":"https:\/\/politicosaldesnudo.com.mx\/index.php\/wp-json\/wp\/v2\/categories?post=65092"},{"taxonomy":"post_tag","embeddable":true,"href":"https:\/\/politicosaldesnudo.com.mx\/index.php\/wp-json\/wp\/v2\/tags?post=65092"}],"curies":[{"name":"wp","href":"https:\/\/api.w.org\/{rel}","templated":true}]}}