{"id":65123,"date":"2025-06-18T00:02:57","date_gmt":"2025-06-18T06:02:57","guid":{"rendered":"https:\/\/politicosaldesnudo.com.mx\/?p=65123"},"modified":"2025-06-17T21:30:35","modified_gmt":"2025-06-18T03:30:35","slug":"gobernadora-nahle-propone-eleccion-extraordinaria-en-tuxpan","status":"publish","type":"post","link":"https:\/\/politicosaldesnudo.com.mx\/index.php\/2025\/06\/18\/gobernadora-nahle-propone-eleccion-extraordinaria-en-tuxpan\/","title":{"rendered":"Gobernadora Nahle propone elecci\u00f3n extraordinaria en Tuxpan"},"content":{"rendered":"<p>La gobernadora de Veracruz, Roc\u00edo Nahle, se pronunci\u00f3 a favor de convocar a una elecci\u00f3n extraordinaria en el Distrito local de Tuxpan, luego de que la diputaci\u00f3n correspondiente quedara vacante tras el reciente proceso electoral.<\/p>\n<p>Sin embargo, para que esta elecci\u00f3n pueda organizarse legalmente, se\u00f1al\u00f3 que primero deber\u00e1n reincorporarse a sus funciones los presidentes municipales electos: Daniel Cortina Martinez, de Tuxpan, y Citlali Medell\u00edn Careaga, de Tamiahua.<\/p>\n<p>Ambos aspirantes solicitaron licencia para contender por cargos de elecci\u00f3n popular, sin embargo, al haber resultado electos se debe esperar a que tomen protesta.<\/p>\n<p>La mandataria estatal subray\u00f3 la importancia de mantener la gobernabilidad en los municipios y dar certeza jur\u00eddica al proceso legislativo local.<\/p>\n","protected":false},"excerpt":{"rendered":"<p>La gobernadora de Veracruz, Roc\u00edo Nahle, se pronunci\u00f3 a favor de convocar a una elecci\u00f3n extraordinaria en el Distrito local<\/p>\n","protected":false},"author":4,"featured_media":65124,"comment_status":"closed","ping_status":"closed","sticky":false,"template":"","format":"standard","meta":{"colormag_page_container_layout":"default_layout","colormag_page_sidebar_layout":"default_layout","_jetpack_memberships_contains_paid_content":false,"footnotes":"","jetpack_publicize_message":"","jetpack_publicize_feature_enabled":true,"jetpack_social_post_already_shared":false,"jetpack_social_options":{"image_generator_settings":{"template":"highway","default_image_id":0,"font":"","enabled":false},"version":2}},"categories":[1082],"tags":[],"class_list":["post-65123","post","type-post","status-publish","format-standard","has-post-thumbnail","hentry","category-tuxpan"],"jetpack_publicize_connections":[],"jetpack_featured_media_url":"https:\/\/i0.wp.com\/politicosaldesnudo.com.mx\/wp-content\/uploads\/2025\/06\/WhatsApp-Image-2025-06-17-at-17.50.13-copia.jpg?fit=1125%2C1212&ssl=1","jetpack-related-posts":[],"jetpack_sharing_enabled":true,"_links":{"self":[{"href":"https:\/\/politicosaldesnudo.com.mx\/index.php\/wp-json\/wp\/v2\/posts\/65123","targetHints":{"allow":["GET"]}}],"collection":[{"href":"https:\/\/politicosaldesnudo.com.mx\/index.php\/wp-json\/wp\/v2\/posts"}],"about":[{"href":"https:\/\/politicosaldesnudo.com.mx\/index.php\/wp-json\/wp\/v2\/types\/post"}],"author":[{"embeddable":true,"href":"https:\/\/politicosaldesnudo.com.mx\/index.php\/wp-json\/wp\/v2\/users\/4"}],"replies":[{"embeddable":true,"href":"https:\/\/politicosaldesnudo.com.mx\/index.php\/wp-json\/wp\/v2\/comments?post=65123"}],"version-history":[{"count":0,"href":"https:\/\/politicosaldesnudo.com.mx\/index.php\/wp-json\/wp\/v2\/posts\/65123\/revisions"}],"wp:featuredmedia":[{"embeddable":true,"href":"https:\/\/politicosaldesnudo.com.mx\/index.php\/wp-json\/wp\/v2\/media\/65124"}],"wp:attachment":[{"href":"https:\/\/politicosaldesnudo.com.mx\/index.php\/wp-json\/wp\/v2\/media?parent=65123"}],"wp:term":[{"taxonomy":"category","embeddable":true,"href":"https:\/\/politicosaldesnudo.com.mx\/index.php\/wp-json\/wp\/v2\/categories?post=65123"},{"taxonomy":"post_tag","embeddable":true,"href":"https:\/\/politicosaldesnudo.com.mx\/index.php\/wp-json\/wp\/v2\/tags?post=65123"}],"curies":[{"name":"wp","href":"https:\/\/api.w.org\/{rel}","templated":true}]}}