{"id":65159,"date":"2025-06-18T00:14:12","date_gmt":"2025-06-18T06:14:12","guid":{"rendered":"https:\/\/politicosaldesnudo.com.mx\/?p=65159"},"modified":"2025-06-17T22:28:24","modified_gmt":"2025-06-18T04:28:24","slug":"periodistas-de-campeche-protestan-contra-acoso-judicial","status":"publish","type":"post","link":"https:\/\/politicosaldesnudo.com.mx\/index.php\/2025\/06\/18\/periodistas-de-campeche-protestan-contra-acoso-judicial\/","title":{"rendered":"Periodistas de Campeche protestan contra \u201cacoso judicial\u201d"},"content":{"rendered":"<p class=\"nota-justify\">Periodistas campechanos marcharon rumbo al palacio de gobierno y al Congreso estatal para protestar contra la decisi\u00f3n de la jueza Guadalupe Mart\u00ednez Taboada de vincular a proceso al periodista Jorge Gonz\u00e1lez Valdez por presuntos delitos de incitaci\u00f3n al odio y a la violencia. Adem\u00e1s, le prohibi\u00f3 ejercer su profesi\u00f3n por dos a\u00f1os y cerrar la edici\u00f3n digital del peri\u00f3dico TRIBUNA por ese mismo lapso.<\/p>\n<p class=\"nota-justify\">Los comunicadores partieron del parque de San Mart\u00edn, portando una pancartas que dec\u00edan \u00abalto al acoso judicial contra los periodistas\u00bb, y se dirigieron al palacio estatal, donde realizaron un plant\u00f3n.<\/p>\n<p class=\"nota-justify\">Gonz\u00e1lez Valdez intervino en el plant\u00f3n para agradecer la solidaridad de diversas agrupaciones de periodistas, tanto nacionales como extranjeras, como Reporteros sin Fronteras y Art\u00edculo 19, as\u00ed como federaciones y asociaciones vinculadas con el gremio, quienes adem\u00e1s han condenado la decisi\u00f3n de la jueza en contra de la libertad de expresi\u00f3n y de las pretensiones de la gobernadora de Campeche, a fin de censurar la cr\u00edtica period\u00edstica y ordenar el cierre de un medio de comunicaci\u00f3n que generaba varias fuentes de empleo.<\/p>\n<p class=\"nota-justify\">En la sede del poder legislativo estatal, el representante del Club de Periodistas, Enrique Cruz Carranza, conden\u00f3 la actitud autoritaria de la mandataria Sansores San Rom\u00e1n al criminalizar el ejercicio period\u00edstico y considerar que la cr\u00edtica a los servidores p\u00fablicos es incitaci\u00f3n al odio y la violencia.<\/p>\n<p class=\"nota-justify\">Otros periodistas como Abraham Mart\u00ednez y Luis Armando Mendoza, quienes enfrentan asedio judicial y que tambi\u00e9n han sido v\u00edctimas de agresiones y atentados, acusaron que en Campeche el ejercicio del periodismo se ha convertido en un riesgo ante la obsesi\u00f3n de la gobernadora por acallar la cr\u00edtica y censurar a los medios, como ha ocurrido con Jorge Gonz\u00e1lez Valdez.<\/p>\n","protected":false},"excerpt":{"rendered":"<p>Periodistas campechanos marcharon rumbo al palacio de gobierno y al Congreso estatal para protestar contra la decisi\u00f3n de la jueza<\/p>\n","protected":false},"author":4,"featured_media":65160,"comment_status":"closed","ping_status":"closed","sticky":false,"template":"","format":"standard","meta":{"colormag_page_container_layout":"default_layout","colormag_page_sidebar_layout":"default_layout","_jetpack_memberships_contains_paid_content":false,"footnotes":"","jetpack_publicize_message":"","jetpack_publicize_feature_enabled":true,"jetpack_social_post_already_shared":false,"jetpack_social_options":{"image_generator_settings":{"template":"highway","default_image_id":0,"font":"","enabled":false},"version":2}},"categories":[30],"tags":[],"class_list":["post-65159","post","type-post","status-publish","format-standard","has-post-thumbnail","hentry","category-estados"],"jetpack_publicize_connections":[],"jetpack_featured_media_url":"https:\/\/i0.wp.com\/politicosaldesnudo.com.mx\/wp-content\/uploads\/2025\/06\/PERIOD.jpg?fit=779%2C440&ssl=1","jetpack-related-posts":[],"jetpack_sharing_enabled":true,"_links":{"self":[{"href":"https:\/\/politicosaldesnudo.com.mx\/index.php\/wp-json\/wp\/v2\/posts\/65159","targetHints":{"allow":["GET"]}}],"collection":[{"href":"https:\/\/politicosaldesnudo.com.mx\/index.php\/wp-json\/wp\/v2\/posts"}],"about":[{"href":"https:\/\/politicosaldesnudo.com.mx\/index.php\/wp-json\/wp\/v2\/types\/post"}],"author":[{"embeddable":true,"href":"https:\/\/politicosaldesnudo.com.mx\/index.php\/wp-json\/wp\/v2\/users\/4"}],"replies":[{"embeddable":true,"href":"https:\/\/politicosaldesnudo.com.mx\/index.php\/wp-json\/wp\/v2\/comments?post=65159"}],"version-history":[{"count":0,"href":"https:\/\/politicosaldesnudo.com.mx\/index.php\/wp-json\/wp\/v2\/posts\/65159\/revisions"}],"wp:featuredmedia":[{"embeddable":true,"href":"https:\/\/politicosaldesnudo.com.mx\/index.php\/wp-json\/wp\/v2\/media\/65160"}],"wp:attachment":[{"href":"https:\/\/politicosaldesnudo.com.mx\/index.php\/wp-json\/wp\/v2\/media?parent=65159"}],"wp:term":[{"taxonomy":"category","embeddable":true,"href":"https:\/\/politicosaldesnudo.com.mx\/index.php\/wp-json\/wp\/v2\/categories?post=65159"},{"taxonomy":"post_tag","embeddable":true,"href":"https:\/\/politicosaldesnudo.com.mx\/index.php\/wp-json\/wp\/v2\/tags?post=65159"}],"curies":[{"name":"wp","href":"https:\/\/api.w.org\/{rel}","templated":true}]}}