{"id":65168,"date":"2025-06-18T00:17:09","date_gmt":"2025-06-18T06:17:09","guid":{"rendered":"https:\/\/politicosaldesnudo.com.mx\/?p=65168"},"modified":"2025-06-17T22:34:22","modified_gmt":"2025-06-18T04:34:22","slug":"contralor-de-nueva-york-arrestado-en-corte-por-apoyar-a-inmigrante","status":"publish","type":"post","link":"https:\/\/politicosaldesnudo.com.mx\/index.php\/2025\/06\/18\/contralor-de-nueva-york-arrestado-en-corte-por-apoyar-a-inmigrante\/","title":{"rendered":"Contralor de Nueva York, arrestado en corte por apoyar a inmigrante"},"content":{"rendered":"<p class=\"nota-justify\">Agentes del Servicio de Inmigraci\u00f3n y Control de Aduanas (ICE) arrestaron hoy al contralor de la ciudad de Nueva York, Brad Lander, mientras observaba audiencias federales de inmigraci\u00f3n en una corte.<\/p>\n<p class=\"nota-justify\">\u201cHoy, mientras observaba audiencias federales de inmigraci\u00f3n, el contralor Lander fue arrestado al intentar escoltar a un acusado fuera del juzgado. Fue liberado cinco horas despu\u00e9s\u201d, indic\u00f3 un mensaje en su cuenta en la red social X acompa\u00f1ado de varias fotos del momento en que sal\u00eda de la custodia federal.<\/p>\n<p class=\"nota-justify\">Tambi\u00e9n candidato en las primarias dem\u00f3cratas a alcalde, Lander mostraba su apoyo a aquellos inmigrantes que enfrentan un proceso de deportaci\u00f3n en momentos que el gobierno de Donald Trump intensifica su agenda migratoria.<\/p>\n<p class=\"nota-justify\">\u00abMientras escoltaba a un acusado fuera de la corte de inmigraci\u00f3n en 26 Federal Plaza, Brad fue detenido por agentes enmascarados por ICE\u00bb, public\u00f3 inicialmente su esposa Meg Barnette en la propia plataforma.<\/p>\n<p class=\"nota-justify\">En una conferencia de prensa Barnette, que es abogada, afirm\u00f3: \u201cLo que vi fue impactante e inaceptable (\u2026) Lo que vi hoy no se ajusta al Estado de derecho\u201d.<\/p>\n<p class=\"nota-justify\">Lander fue detenido por \u201cagredir a las fuerzas del orden y obstaculizar el paso de un agente federal\u201d, dijo el DHS a CBS News.<\/p>\n<p class=\"nota-justify\">Este es el caso m\u00e1s reciente de arremetida de la administraci\u00f3n Trump contra funcionarios dem\u00f3cratas que critican la actual situaci\u00f3n con la aplicaci\u00f3n de la ley migratoria.<\/p>\n<p class=\"nota-justify\">La semana pasada el senador de California Alex Padilla fue esposado y empujado fuera de una sala donde se encontraba en Los \u00c1ngeles la secretaria del Departamento de Seguridad Nacional (DHS), Kristi Noem. A Padilla lo lanzaron contra el suelo y lo jalonearon antes de poder hacerle algunas preguntas a Noem acerca del escenario de protestas en Los \u00c1ngeles contra las redadas del ICE y la autorizaci\u00f3n de Trump para desplegar unos cuatro mil miembros de la Guardia Nacional y 700 marines para sofocar las manifestaciones.<\/p>\n<p class=\"nota-justify\">Trump incluso sugiri\u00f3 que el gobernador de California, Gavin Newsom, quien plant\u00f3 cara a la decisi\u00f3n de Trump de enviar soldados, fuera arrestado.<\/p>\n<p class=\"nota-justify\">El mes pasado el alcalde de Newark, Ras Baraka fue arrestado por presunta invasi\u00f3n de propiedad privada en Delaney Hall, un centro de detenci\u00f3n para inmigrantes, inaugurado recientemente bajo la administraci\u00f3n Trump.<\/p>\n<p class=\"nota-justify\">Adem\u00e1s, fueron presentados cargos contra la representante LaMonica McIver, dem\u00f3crata de Nueva Jersey, quien visit\u00f3 el centro para realizar una inspecci\u00f3n ese d\u00eda.<\/p>\n<p class=\"nota-justify\">La puesta bajo custodia por varias horas del alcalde Baraka desat\u00f3 infinidad de cr\u00edticas. \u201cEst\u00e1n arrestando a funcionarios electos por oponerse pac\u00edficamente a las acciones ilegales del r\u00e9gimen. No permitan que los abrumen\u201d, escribi\u00f3 en las redes Kat Abughazaleh, candidata dem\u00f3crata al Congreso por Illinois, al advertir que \u201cesto no es normal\u201d.<\/p>\n","protected":false},"excerpt":{"rendered":"<p>Agentes del Servicio de Inmigraci\u00f3n y Control de Aduanas (ICE) arrestaron hoy al contralor de la ciudad de Nueva York,<\/p>\n","protected":false},"author":4,"featured_media":65169,"comment_status":"closed","ping_status":"closed","sticky":false,"template":"","format":"standard","meta":{"colormag_page_container_layout":"default_layout","colormag_page_sidebar_layout":"default_layout","_jetpack_memberships_contains_paid_content":false,"footnotes":"","jetpack_publicize_message":"","jetpack_publicize_feature_enabled":true,"jetpack_social_post_already_shared":false,"jetpack_social_options":{"image_generator_settings":{"template":"highway","default_image_id":0,"font":"","enabled":false},"version":2}},"categories":[28],"tags":[],"class_list":["post-65168","post","type-post","status-publish","format-standard","has-post-thumbnail","hentry","category-internacional"],"jetpack_publicize_connections":[],"jetpack_featured_media_url":"https:\/\/i0.wp.com\/politicosaldesnudo.com.mx\/wp-content\/uploads\/2025\/06\/Nueva-York-Brad-Lander-1.jpg?fit=1024%2C682&ssl=1","jetpack-related-posts":[],"jetpack_sharing_enabled":true,"_links":{"self":[{"href":"https:\/\/politicosaldesnudo.com.mx\/index.php\/wp-json\/wp\/v2\/posts\/65168","targetHints":{"allow":["GET"]}}],"collection":[{"href":"https:\/\/politicosaldesnudo.com.mx\/index.php\/wp-json\/wp\/v2\/posts"}],"about":[{"href":"https:\/\/politicosaldesnudo.com.mx\/index.php\/wp-json\/wp\/v2\/types\/post"}],"author":[{"embeddable":true,"href":"https:\/\/politicosaldesnudo.com.mx\/index.php\/wp-json\/wp\/v2\/users\/4"}],"replies":[{"embeddable":true,"href":"https:\/\/politicosaldesnudo.com.mx\/index.php\/wp-json\/wp\/v2\/comments?post=65168"}],"version-history":[{"count":0,"href":"https:\/\/politicosaldesnudo.com.mx\/index.php\/wp-json\/wp\/v2\/posts\/65168\/revisions"}],"wp:featuredmedia":[{"embeddable":true,"href":"https:\/\/politicosaldesnudo.com.mx\/index.php\/wp-json\/wp\/v2\/media\/65169"}],"wp:attachment":[{"href":"https:\/\/politicosaldesnudo.com.mx\/index.php\/wp-json\/wp\/v2\/media?parent=65168"}],"wp:term":[{"taxonomy":"category","embeddable":true,"href":"https:\/\/politicosaldesnudo.com.mx\/index.php\/wp-json\/wp\/v2\/categories?post=65168"},{"taxonomy":"post_tag","embeddable":true,"href":"https:\/\/politicosaldesnudo.com.mx\/index.php\/wp-json\/wp\/v2\/tags?post=65168"}],"curies":[{"name":"wp","href":"https:\/\/api.w.org\/{rel}","templated":true}]}}