{"id":65171,"date":"2025-06-18T00:18:19","date_gmt":"2025-06-18T06:18:19","guid":{"rendered":"https:\/\/politicosaldesnudo.com.mx\/?p=65171"},"modified":"2025-06-17T22:36:25","modified_gmt":"2025-06-18T04:36:25","slug":"negativa-de-eu-bloquea-declaracion-conjunta-del-g7-sobre-ucrania","status":"publish","type":"post","link":"https:\/\/politicosaldesnudo.com.mx\/index.php\/2025\/06\/18\/negativa-de-eu-bloquea-declaracion-conjunta-del-g7-sobre-ucrania\/","title":{"rendered":"Negativa de EU bloquea declaraci\u00f3n conjunta del G7 sobre Ucrania"},"content":{"rendered":"<p class=\"nota-justify\">Estados Unidos se opuso a una declaraci\u00f3n firme sobre Ucrania que buscaba condenar a Rusia durante la cumbre del G7, que termin\u00f3 este martes en Canad\u00e1, trastocada por la partida anticipada del presidente Donald Trump.<\/p>\n<p class=\"nota-justify\">El conflicto en Ucrania era uno de los principales ejes de la cita anual del club de grandes democracias industrializadas (Alemania, Canad\u00e1, Estados Unidos, Francia, Italia, Reino Unido y Jap\u00f3n), esta vez en Kananaskis, en las Monta\u00f1as Rocosas canadienses.<\/p>\n<p class=\"nota-justify\">\u00abNo habr\u00e1 declaraci\u00f3n separada\u00bb sobre Ucrania \u00abporque los estadunidenses quer\u00edan diluirla\u00bb, explic\u00f3 un funcionario canadiense bajo condici\u00f3n de anonimato, en el \u00faltimo d\u00eda de la reuni\u00f3n.<\/p>\n<p class=\"nota-justify\">Los otros seis miembros del G7 acordaron un \u00ablenguaje fuerte\u00bb, pero una declaraci\u00f3n conjunta habr\u00eda requerido el acuerdo de Estados Unidos, que argument\u00f3 que quer\u00eda preservar su capacidad de negociaci\u00f3n, agreg\u00f3 esta fuente.<\/p>\n<p class=\"nota-justify\">El presidente ucranio, Volodimir Zelenski, fue invitado a la cumbre, pero no tuvo oportunidad de cruzarse con su par estadunidense, con quien mantiene relaciones tensas, por la abrupta partida de Trump la noche del pasado lunes para atender otro conflicto, el de Israel e Ir\u00e1n.<\/p>\n<p class=\"nota-justify\">Zelenski se reuni\u00f3 este martes con los otros l\u00edderes del G7 unas horas despu\u00e9s de un ataque que dej\u00f3 al menos 14 muertos en Kiev, en uno de los bombardeos m\u00e1s violentos desde la invasi\u00f3n ordenada por el presidente ruso Vladimir Putin de febrero de 2022.<\/p>\n<p class=\"nota-justify\">\u00abEs importante que nuestros soldados sean fuertes en el campo de batalla, que permanezcan fuertes hasta que Rusia est\u00e9 lista para las negociaciones de paz\u00bb, declar\u00f3 Zelenski. \u00abEstamos listos para las negociaciones de paz, para un alto el fuego incondicional. Para ello, necesitamos presi\u00f3n\u00bb.<\/p>\n<p class=\"nota-justify\">Tras estas declaraciones, el primer ministro canadiense Mark Carney, anfitri\u00f3n de la cumbre, anunci\u00f3 que su pa\u00eds proporcionar\u00e1 nueva ayuda militar a Ucrania, por unos mil 470 millones de d\u00f3lares, para drones y veh\u00edculos blindados.<\/p>\n<p class=\"nota-justify\">Reiter\u00f3 \u00abla importancia de ser solidarios con Ucrania\u00bb y de \u00abejercer m\u00e1xima presi\u00f3n\u00bb sobre Putin, quien se neg\u00f3 a sentarse a la mesa de negociaciones.<\/p>\n<p>El presidente franc\u00e9s, Emmanuel Macron, denunci\u00f3 que Putin aprovech\u00f3 la tensi\u00f3n en torno al conflicto entre Ir\u00e1n e Israel para ordenar el ataque a Kiev.<\/p>\n<p class=\"nota-justify\">\u00abMuestra el completo cinismo del presidente Putin, que utiliza el contexto internacional para intensificar los ataques contra civiles\u00bb, declar\u00f3 Macron a periodistas.<\/p>\n","protected":false},"excerpt":{"rendered":"<p>Estados Unidos se opuso a una declaraci\u00f3n firme sobre Ucrania que buscaba condenar a Rusia durante la cumbre del G7,<\/p>\n","protected":false},"author":4,"featured_media":65172,"comment_status":"closed","ping_status":"closed","sticky":false,"template":"","format":"standard","meta":{"colormag_page_container_layout":"default_layout","colormag_page_sidebar_layout":"default_layout","_jetpack_memberships_contains_paid_content":false,"footnotes":"","jetpack_publicize_message":"","jetpack_publicize_feature_enabled":true,"jetpack_social_post_already_shared":false,"jetpack_social_options":{"image_generator_settings":{"template":"highway","default_image_id":0,"font":"","enabled":false},"version":2}},"categories":[28],"tags":[],"class_list":["post-65171","post","type-post","status-publish","format-standard","has-post-thumbnail","hentry","category-internacional"],"jetpack_publicize_connections":[],"jetpack_featured_media_url":"https:\/\/i0.wp.com\/politicosaldesnudo.com.mx\/wp-content\/uploads\/2025\/06\/G.jpg?fit=623%2C413&ssl=1","jetpack-related-posts":[],"jetpack_sharing_enabled":true,"_links":{"self":[{"href":"https:\/\/politicosaldesnudo.com.mx\/index.php\/wp-json\/wp\/v2\/posts\/65171","targetHints":{"allow":["GET"]}}],"collection":[{"href":"https:\/\/politicosaldesnudo.com.mx\/index.php\/wp-json\/wp\/v2\/posts"}],"about":[{"href":"https:\/\/politicosaldesnudo.com.mx\/index.php\/wp-json\/wp\/v2\/types\/post"}],"author":[{"embeddable":true,"href":"https:\/\/politicosaldesnudo.com.mx\/index.php\/wp-json\/wp\/v2\/users\/4"}],"replies":[{"embeddable":true,"href":"https:\/\/politicosaldesnudo.com.mx\/index.php\/wp-json\/wp\/v2\/comments?post=65171"}],"version-history":[{"count":0,"href":"https:\/\/politicosaldesnudo.com.mx\/index.php\/wp-json\/wp\/v2\/posts\/65171\/revisions"}],"wp:featuredmedia":[{"embeddable":true,"href":"https:\/\/politicosaldesnudo.com.mx\/index.php\/wp-json\/wp\/v2\/media\/65172"}],"wp:attachment":[{"href":"https:\/\/politicosaldesnudo.com.mx\/index.php\/wp-json\/wp\/v2\/media?parent=65171"}],"wp:term":[{"taxonomy":"category","embeddable":true,"href":"https:\/\/politicosaldesnudo.com.mx\/index.php\/wp-json\/wp\/v2\/categories?post=65171"},{"taxonomy":"post_tag","embeddable":true,"href":"https:\/\/politicosaldesnudo.com.mx\/index.php\/wp-json\/wp\/v2\/tags?post=65171"}],"curies":[{"name":"wp","href":"https:\/\/api.w.org\/{rel}","templated":true}]}}