{"id":65202,"date":"2025-06-18T23:07:55","date_gmt":"2025-06-19T05:07:55","guid":{"rendered":"https:\/\/politicosaldesnudo.com.mx\/?p=65202"},"modified":"2025-06-18T23:07:55","modified_gmt":"2025-06-19T05:07:55","slug":"tuxpan-en-alerta-gris-en-fase-de-organizacion-por-el-temporal-lluvioso-que-se-extendera-varios-dias","status":"publish","type":"post","link":"https:\/\/politicosaldesnudo.com.mx\/index.php\/2025\/06\/18\/tuxpan-en-alerta-gris-en-fase-de-organizacion-por-el-temporal-lluvioso-que-se-extendera-varios-dias\/","title":{"rendered":"Tuxpan en \u201cAlerta Gris\u201d -en Fase de Organizaci\u00f3n- por el Temporal Lluvioso que se extender\u00e1 varios d\u00edas"},"content":{"rendered":"<p>\u2022 Protecci\u00f3n Civil recomienda tomar precauciones porque las lluvias habr\u00e1n de continuar.<\/p>\n<p>Tuxpan, Ver., 18 de junio de 2025.- El Gobierno de Tuxpan se encuentra en \u201cAlerta Gris\u201d, en Fase de Organizaci\u00f3n, y exhorta a la poblaci\u00f3n a tomar precauciones debido que continuar\u00e1n las fuertes lluvias en los siguientes d\u00edas.<\/p>\n<p>El Temporal Lluvioso es provocado por fuerte flujo de humedad de ambos oc\u00e9anos, por vaguadas ubicadas en el pa\u00eds y en regiones del Golfo de M\u00e9xico, y las amplias bandas nubosas por el acercamiento del hurac\u00e1n \u201cErick\u201d en el Pac\u00edfico.<\/p>\n<p>Es importante que la ciudadan\u00eda est\u00e9 muy atenta, por probabilidad alta de ocurrencia de:<\/p>\n<p>\u2022Deslaves, derrumbes y deslizamientos.<br \/>\n\u2022Encharcamientos e inundaciones pluviales.<br \/>\n\u2022Destechamientos, ca\u00edda de \u00e1rboles u otros objetos.<br \/>\n\u2022Obstrucci\u00f3n de la visibilidad al conducir.<\/p>\n<p>En caso de que alguna persona o familia requiera ayuda, puede llamar a los tel\u00e9fonos de Protecci\u00f3n Civil 783 83 50127, Bomberos 783 83 40646 y Emergencias 911.<\/p>\n","protected":false},"excerpt":{"rendered":"<p>\u2022 Protecci\u00f3n Civil recomienda tomar precauciones porque las lluvias habr\u00e1n de continuar. Tuxpan, Ver., 18 de junio de 2025.- El<\/p>\n","protected":false},"author":4,"featured_media":65203,"comment_status":"closed","ping_status":"closed","sticky":false,"template":"","format":"standard","meta":{"colormag_page_container_layout":"default_layout","colormag_page_sidebar_layout":"default_layout","_jetpack_memberships_contains_paid_content":false,"footnotes":"","jetpack_publicize_message":"","jetpack_publicize_feature_enabled":true,"jetpack_social_post_already_shared":false,"jetpack_social_options":{"image_generator_settings":{"template":"highway","default_image_id":0,"font":"","enabled":false},"version":2}},"categories":[3205,1082],"tags":[],"class_list":["post-65202","post","type-post","status-publish","format-standard","has-post-thumbnail","hentry","category-gobierno-tuxpan","category-tuxpan"],"jetpack_publicize_connections":[],"jetpack_featured_media_url":"https:\/\/i0.wp.com\/politicosaldesnudo.com.mx\/wp-content\/uploads\/2025\/06\/WhatsApp-Image-2025-06-18-at-15.15.43-1.jpeg?fit=1137%2C973&ssl=1","jetpack-related-posts":[],"jetpack_sharing_enabled":true,"_links":{"self":[{"href":"https:\/\/politicosaldesnudo.com.mx\/index.php\/wp-json\/wp\/v2\/posts\/65202","targetHints":{"allow":["GET"]}}],"collection":[{"href":"https:\/\/politicosaldesnudo.com.mx\/index.php\/wp-json\/wp\/v2\/posts"}],"about":[{"href":"https:\/\/politicosaldesnudo.com.mx\/index.php\/wp-json\/wp\/v2\/types\/post"}],"author":[{"embeddable":true,"href":"https:\/\/politicosaldesnudo.com.mx\/index.php\/wp-json\/wp\/v2\/users\/4"}],"replies":[{"embeddable":true,"href":"https:\/\/politicosaldesnudo.com.mx\/index.php\/wp-json\/wp\/v2\/comments?post=65202"}],"version-history":[{"count":0,"href":"https:\/\/politicosaldesnudo.com.mx\/index.php\/wp-json\/wp\/v2\/posts\/65202\/revisions"}],"wp:featuredmedia":[{"embeddable":true,"href":"https:\/\/politicosaldesnudo.com.mx\/index.php\/wp-json\/wp\/v2\/media\/65203"}],"wp:attachment":[{"href":"https:\/\/politicosaldesnudo.com.mx\/index.php\/wp-json\/wp\/v2\/media?parent=65202"}],"wp:term":[{"taxonomy":"category","embeddable":true,"href":"https:\/\/politicosaldesnudo.com.mx\/index.php\/wp-json\/wp\/v2\/categories?post=65202"},{"taxonomy":"post_tag","embeddable":true,"href":"https:\/\/politicosaldesnudo.com.mx\/index.php\/wp-json\/wp\/v2\/tags?post=65202"}],"curies":[{"name":"wp","href":"https:\/\/api.w.org\/{rel}","templated":true}]}}