{"id":65220,"date":"2025-06-19T00:05:33","date_gmt":"2025-06-19T06:05:33","guid":{"rendered":"https:\/\/politicosaldesnudo.com.mx\/?p=65220"},"modified":"2025-06-18T23:38:37","modified_gmt":"2025-06-19T05:38:37","slug":"resguardarse-y-mantenerse-informados-pide-sheinbaum-ante-llegada-de-erick","status":"publish","type":"post","link":"https:\/\/politicosaldesnudo.com.mx\/index.php\/2025\/06\/19\/resguardarse-y-mantenerse-informados-pide-sheinbaum-ante-llegada-de-erick\/","title":{"rendered":"Resguardarse y mantenerse informados, pide Sheinbaum ante llegada de \u2018Erick\u2019"},"content":{"rendered":"<p>La presidenta Claudia Sheinbaum Pardo confirm\u00f3 que est\u00e1 noche el hurac\u00e1n\u00a0<i>Erick\u00a0<\/i>subi\u00f3 de categor\u00eda 2 a 3 y se espera que en las pr\u00f3ximas horas toque tierra en la costa del Pac\u00edfico mexicano, en los l\u00edmites de Oaxaca y Guerrero.<\/p>\n<p>En un video mensaje que difundi\u00f3 esta noche a trav\u00e9s de sus redes sociales, la mandataria pidi\u00f3 a la poblaci\u00f3n mantenerse informada y resguardarse ante el impacto del meteoro.<\/p>\n<p>\u201cEl hurac\u00e1n\u00a0<i>Erick<\/i>\u00a0pas\u00f3 de categor\u00eda 2 a categor\u00eda 3, y se espera que impacte en el l\u00edmite de Guerrero y Oaxaca la madrugada del d\u00eda jueves\u201d, expuso.<\/p>\n<p>Inform\u00f3 que se suspendieron absolutamente todas las actividades en esa regi\u00f3n.<\/p>\n<p>\u201cLa recomendaciones son: resguardarse en sus domicilios, no salir, mantenerse juntos en familia; si viven cerca de r\u00edos o en lugares bajos, trasl\u00e1dense a los albergues; mant\u00e9nganse juntos, informados a trav\u00e9s de las v\u00edas oficiales\u201d.<\/p>\n<p>La mandataria federal apunt\u00f3 que ya est\u00e1n en marcha el Plan DN-III y el Plan Marina, adem\u00e1s que autoridades de los tres noveles de gobierno est\u00e1n atentas a lo que suceda esta noche y madrugada.<\/p>\n<p>\u201cMant\u00e9nganse juntos y mantengan la calma\u201d, convoc\u00f3.<\/p>\n","protected":false},"excerpt":{"rendered":"<p>La presidenta Claudia Sheinbaum Pardo confirm\u00f3 que est\u00e1 noche el hurac\u00e1n\u00a0Erick\u00a0subi\u00f3 de categor\u00eda 2 a 3 y se espera que<\/p>\n","protected":false},"author":4,"featured_media":65221,"comment_status":"closed","ping_status":"closed","sticky":false,"template":"","format":"standard","meta":{"colormag_page_container_layout":"default_layout","colormag_page_sidebar_layout":"default_layout","_jetpack_memberships_contains_paid_content":false,"footnotes":"","jetpack_publicize_message":"","jetpack_publicize_feature_enabled":true,"jetpack_social_post_already_shared":false,"jetpack_social_options":{"image_generator_settings":{"template":"highway","default_image_id":0,"font":"","enabled":false},"version":2}},"categories":[33],"tags":[],"class_list":["post-65220","post","type-post","status-publish","format-standard","has-post-thumbnail","hentry","category-nacional"],"jetpack_publicize_connections":[],"jetpack_featured_media_url":"https:\/\/i0.wp.com\/politicosaldesnudo.com.mx\/wp-content\/uploads\/2025\/06\/Fotograma-x-Sheinbaum-180625-1024x576-1.png?fit=1024%2C576&ssl=1","jetpack-related-posts":[],"jetpack_sharing_enabled":true,"_links":{"self":[{"href":"https:\/\/politicosaldesnudo.com.mx\/index.php\/wp-json\/wp\/v2\/posts\/65220","targetHints":{"allow":["GET"]}}],"collection":[{"href":"https:\/\/politicosaldesnudo.com.mx\/index.php\/wp-json\/wp\/v2\/posts"}],"about":[{"href":"https:\/\/politicosaldesnudo.com.mx\/index.php\/wp-json\/wp\/v2\/types\/post"}],"author":[{"embeddable":true,"href":"https:\/\/politicosaldesnudo.com.mx\/index.php\/wp-json\/wp\/v2\/users\/4"}],"replies":[{"embeddable":true,"href":"https:\/\/politicosaldesnudo.com.mx\/index.php\/wp-json\/wp\/v2\/comments?post=65220"}],"version-history":[{"count":0,"href":"https:\/\/politicosaldesnudo.com.mx\/index.php\/wp-json\/wp\/v2\/posts\/65220\/revisions"}],"wp:featuredmedia":[{"embeddable":true,"href":"https:\/\/politicosaldesnudo.com.mx\/index.php\/wp-json\/wp\/v2\/media\/65221"}],"wp:attachment":[{"href":"https:\/\/politicosaldesnudo.com.mx\/index.php\/wp-json\/wp\/v2\/media?parent=65220"}],"wp:term":[{"taxonomy":"category","embeddable":true,"href":"https:\/\/politicosaldesnudo.com.mx\/index.php\/wp-json\/wp\/v2\/categories?post=65220"},{"taxonomy":"post_tag","embeddable":true,"href":"https:\/\/politicosaldesnudo.com.mx\/index.php\/wp-json\/wp\/v2\/tags?post=65220"}],"curies":[{"name":"wp","href":"https:\/\/api.w.org\/{rel}","templated":true}]}}