{"id":65253,"date":"2025-06-19T00:16:47","date_gmt":"2025-06-19T06:16:47","guid":{"rendered":"https:\/\/politicosaldesnudo.com.mx\/?p=65253"},"modified":"2025-06-18T23:59:49","modified_gmt":"2025-06-19T05:59:49","slug":"inauguran-coordinacion-estatal-del-39-batallon-de-gn-en-nayarit","status":"publish","type":"post","link":"https:\/\/politicosaldesnudo.com.mx\/index.php\/2025\/06\/19\/inauguran-coordinacion-estatal-del-39-batallon-de-gn-en-nayarit\/","title":{"rendered":"Inauguran Coordinaci\u00f3n Estatal del 39 Batall\u00f3n de GN en Nayarit"},"content":{"rendered":"<p class=\"nota-justify\">La Ceremonia de Inauguraci\u00f3n de la Coordinaci\u00f3n Estatal Nayarit, 39 Batall\u00f3n de la Guardia Nacional (GN) y 412 Compa\u00f1\u00eda, en la zona de La Cantera, en Tepic, se llev\u00f3 a cabo este mi\u00e9rcoles.<\/p>\n<p class=\"nota-justify\">Al acto, encabezado por el gobernador Miguel Angel Navarro Quintero y el general Hern\u00e1n Cort\u00e9s Hern\u00e1ndez, acudi\u00f3 tambi\u00e9n Eugenio Leonardo L\u00f3pez Arellanes, coordinador Territorial de la Regi\u00f3n Occidente Nayarit, Jalisco, Colima y Michoac\u00e1n, quien durante intervenci\u00f3n se\u00f1al\u00f3 que este nuevo cuartel se integra a los m\u00e1s de 500 que hay en todo el pa\u00eds.<\/p>\n<p class=\"nota-justify\">Agreg\u00f3 que Nayarit contar\u00e1 con una Coordinaci\u00f3n Estatal, un Batall\u00f3n de Guardia Nacional, una Estaci\u00f3n de Seguridad a v\u00edas de comunicaci\u00f3n y cuatro compa\u00f1\u00edas de GN que estar\u00e1n listas para colaborar con fuerzas de seguridad del estado.<\/p>\n<p class=\"nota-justify\">\u00abCuyo objetivo es refrendar nuestra presencia en esta entidad federativa, clave por su ubicaci\u00f3n geogr\u00e1fica, cultura, desarrollo tur\u00edstico y riqueza natural. La edificaci\u00f3n de estas instalaciones es el reflejo, del compromiso firme y permanente del estado mexicano con la seguridad, la paz y el bienestar de los ciudadanos\u00bb, precis\u00f3.<\/p>\n<p class=\"nota-justify\">Por su parte, el mandatario dijo que Nayarit tiene su compromiso permanente de trabajar al lado de las fuerzas federales y as\u00ed, mantener una regi\u00f3n tranquila para que los ciudadanos desarrollen sus actividades en forma segura y en paz.<\/p>\n","protected":false},"excerpt":{"rendered":"<p>La Ceremonia de Inauguraci\u00f3n de la Coordinaci\u00f3n Estatal Nayarit, 39 Batall\u00f3n de la Guardia Nacional (GN) y 412 Compa\u00f1\u00eda, en<\/p>\n","protected":false},"author":4,"featured_media":65254,"comment_status":"closed","ping_status":"closed","sticky":false,"template":"","format":"standard","meta":{"colormag_page_container_layout":"default_layout","colormag_page_sidebar_layout":"default_layout","_jetpack_memberships_contains_paid_content":false,"footnotes":"","jetpack_publicize_message":"","jetpack_publicize_feature_enabled":true,"jetpack_social_post_already_shared":false,"jetpack_social_options":{"image_generator_settings":{"template":"highway","default_image_id":0,"font":"","enabled":false},"version":2}},"categories":[30],"tags":[],"class_list":["post-65253","post","type-post","status-publish","format-standard","has-post-thumbnail","hentry","category-estados"],"jetpack_publicize_connections":[],"jetpack_featured_media_url":"https:\/\/i0.wp.com\/politicosaldesnudo.com.mx\/wp-content\/uploads\/2025\/06\/NAY.jpg?fit=712%2C426&ssl=1","jetpack-related-posts":[],"jetpack_sharing_enabled":true,"_links":{"self":[{"href":"https:\/\/politicosaldesnudo.com.mx\/index.php\/wp-json\/wp\/v2\/posts\/65253","targetHints":{"allow":["GET"]}}],"collection":[{"href":"https:\/\/politicosaldesnudo.com.mx\/index.php\/wp-json\/wp\/v2\/posts"}],"about":[{"href":"https:\/\/politicosaldesnudo.com.mx\/index.php\/wp-json\/wp\/v2\/types\/post"}],"author":[{"embeddable":true,"href":"https:\/\/politicosaldesnudo.com.mx\/index.php\/wp-json\/wp\/v2\/users\/4"}],"replies":[{"embeddable":true,"href":"https:\/\/politicosaldesnudo.com.mx\/index.php\/wp-json\/wp\/v2\/comments?post=65253"}],"version-history":[{"count":0,"href":"https:\/\/politicosaldesnudo.com.mx\/index.php\/wp-json\/wp\/v2\/posts\/65253\/revisions"}],"wp:featuredmedia":[{"embeddable":true,"href":"https:\/\/politicosaldesnudo.com.mx\/index.php\/wp-json\/wp\/v2\/media\/65254"}],"wp:attachment":[{"href":"https:\/\/politicosaldesnudo.com.mx\/index.php\/wp-json\/wp\/v2\/media?parent=65253"}],"wp:term":[{"taxonomy":"category","embeddable":true,"href":"https:\/\/politicosaldesnudo.com.mx\/index.php\/wp-json\/wp\/v2\/categories?post=65253"},{"taxonomy":"post_tag","embeddable":true,"href":"https:\/\/politicosaldesnudo.com.mx\/index.php\/wp-json\/wp\/v2\/tags?post=65253"}],"curies":[{"name":"wp","href":"https:\/\/api.w.org\/{rel}","templated":true}]}}