{"id":65256,"date":"2025-06-19T00:17:58","date_gmt":"2025-06-19T06:17:58","guid":{"rendered":"https:\/\/politicosaldesnudo.com.mx\/?p=65256"},"modified":"2025-06-19T00:02:04","modified_gmt":"2025-06-19T06:02:04","slug":"vamos-a-volver-clamor-del-peronismo-en-marcha-de-apoyo-a-cristina-fernandez","status":"publish","type":"post","link":"https:\/\/politicosaldesnudo.com.mx\/index.php\/2025\/06\/19\/vamos-a-volver-clamor-del-peronismo-en-marcha-de-apoyo-a-cristina-fernandez\/","title":{"rendered":"\u201cVamos a volver\u201d, clamor del peronismo en marcha de apoyo a Cristina Fern\u00e1ndez"},"content":{"rendered":"<p class=\"nota-justify\">En una hist\u00f3rica marcha pac\u00edfica, calculada en m\u00e1s de medio mill\u00f3n de personas s\u00f3lo en esta capital &#8211; sin contar los miles en las provincias- la emoci\u00f3n estall\u00f3 en la multitud cuando se escuch\u00f3 la voz de la ex presidenta, Cristina Fern\u00e1ndez de Kirchner en un mensaje desde su casa, donde cumple desde prisi\u00f3n domiciliaria y condenada adem\u00e1s a proscripci\u00f3n pol\u00edtica de por vida, y que recuper\u00f3 las esperanzas populares al recordar que \u201cvamos a volver, vamos a volver pero con m\u00e1s sabidur\u00eda y con m\u00e1s unidad\u201d al agregar: \u00abdonde me toque estar, en la trinchera que sea, voy a seguir haciendo todo lo que est\u00e1 a mi alcance para estar con ustedes\u00bb.<\/p>\n<p class=\"nota-justify\">Fue un llamado a toda la militancia a la unidad del peronista Partido Justicialista, del que es titular hasta ahora, mientras est\u00e1 en discusi\u00f3n el fallo de la Corte, que ser\u00e1 llevado ante los organismos internacionales competentes, mientras que juristas de distintos sectores consideran que el expediente podr\u00eda llegar a anularse, por las irregularidades que contiene.<\/p>\n<p class=\"nota-justify\">Fueron muchos los manifestantes que no pudieron contener el llanto al escuchar a la ex mandataria, cuyo mensaje transmiti\u00f3 esperanza. \u00abLos que est\u00e1n asustados no somos nosotros, son ellos\u201d, dijo Fern\u00e1ndez de Kirchner, mientras el \u201cVamos a volver\u201d repetido por la multitud defin\u00eda un antes y un despu\u00e9s de esta fecha.<\/p>\n<p class=\"nota-justify\">Dicho en la Plaza de Mayo donde naci\u00f3 el peronismo, el 17 de octubre de 1945, cuando miles de obreros llegaron desde los grandes cordones industriales para rescatar al entonces secretario de Trabajo, coronel Juan Domingo Per\u00f3n, detenido por su defensa de los trabajadores y que cambi\u00f3 la historia, hoy se produjo una similitud con aquellos momentos.<\/p>\n<p class=\"nota-justify\">Y all\u00ed nacieron al mundo tambi\u00e9n las Madres y Abuelas de Plaza de Mayo en 1977, que con un pa\u00f1uelo blanco en la cabeza desafiaron solitarias a la m\u00e1s brutal dictadura que conoci\u00f3 el pa\u00eds (1976-1983) reclamando por sus hijos desaparecidos y que hasta hoy son un s\u00edmbolo de lucha contra la impunidad en el mundo. Esas madres que hoy estaban tambi\u00e9n en la plaza.<\/p>\n<p class=\"nota-justify\">Algo de esto se siente por estas horas. Un pueblo reclamando por un fallo, indigno de un pa\u00eds que comenz\u00f3 su transici\u00f3n democr\u00e1tica en 1983 despu\u00e9s de a\u00f1os de reg\u00edmenes militares y que reclama por la prisi\u00f3n injusta e ilegal de Fern\u00e1ndez de Kirchner.<\/p>\n<p class=\"nota-justify\">No es poco reunir un mill\u00f3n de personas o m\u00e1s en todo el pa\u00eds, bajo amenazas del gobierno del presidente Javier Milei, que no s\u00f3lo ha destruido todas las organizaciones que proteg\u00edan a la poblaci\u00f3n y cercenado los derechos logrados.<\/p>\n<p class=\"nota-justify\">\u00abHay algo que deben entender todos y todas, incluso los del poder econ\u00f3mico: pueden encerrarme, pero no pueden encerrar a todo el pueblo argentino. Los que est\u00e1n asustados no somos nosotros, son ellos\u00bb, expres\u00f3 con serenidad y fuerza la ex mandataria al referirse a la condena de la Corte Suprema de Justicia.<\/p>\n<p class=\"nota-justify\">Agreg\u00f3 que \u201ceste es el momento de demostrar que vamos a defender la democracia con las mismas herramientas con las que la construimos. Sin violencia, pero con coraje. Sin miedo, pero con absoluta claridad del momento hist\u00f3rico que estamos atravesando todos los argentinos. Con amor profundo por esta Patria que tant\u00edsimas veces intentaron arrodillar pero que tantas veces supo levantarse\u00bb.<\/p>\n<p class=\"nota-justify\">Manifest\u00f3 que \u201ceste modelo, que ahora encarna Milei, que no es diferente a los de otrora, se cae. No s\u00f3lo porque es injusto, si no porque es insostenible desde lo econ\u00f3mico. Tiene vencimiento, como el yogur\u201d, advirti\u00f3 sobre el rumbo de la gesti\u00f3n econ\u00f3mica.<\/p>\n<p class=\"nota-justify\">\u00abEl pueblo argentino ya lo demostr\u00f3 mil veces: sabe ponerse de pie, sabe resistir, sabe organizarse, sabe luchar y si lo expulsan tambi\u00e9n sabe volver. Volvi\u00f3 con Per\u00f3n, volvi\u00f3 con N\u00e9stor Kirchner\u00bb, dijo refiri\u00e9ndose al a\u00f1o 2003, cuando se debi\u00f3 levantar un pa\u00eds que hab\u00eda vivido nada menos que la crisis m\u00e1s grande de su historia en diciembre de 2001.<\/p>\n<p class=\"nota-justify\">\u00abNo s\u00e9 qu\u00e9 me depara el futuro inmediato. No tengo la bola de cristal. Pero s\u00ed s\u00e9 algo. Ya he pasado por casi todo en esta vida. Viv\u00ed la dictadura. Viv\u00ed m\u00faltiples intentos de saquear el pa\u00eds y dejarlo sin derechos. Viv\u00ed el ejemplo y el enorme sacrificio de N\u00e9stor. Y todo lo que nos cost\u00f3 construir aquella d\u00e9cada ganada no s\u00f3lo en t\u00e9rminos pol\u00edticos sino personales y de familia\u00bb, se\u00f1al\u00f3.<\/p>\n<p class=\"nota-justify\">\u201cTenemos pueblo, memoria, historia y patria. Vamos a volver una y mil veces. Lo pueblos finalmente siempre vuelven\u00bb, asever\u00f3.<\/p>\n<p class=\"nota-justify\">La multittud desafi\u00f3 todo para expresar su solidaridad con la ex mandataria a pesar del exhibicionismo de motocicletas con dos uniformados, uno de ellos con un arma desenfundada en la mano, con micros detenidos que ven\u00edan desde distintas provincias para sumarse a la movilizaci\u00f3n.<\/p>\n<p class=\"nota-justify\">Debieron enfrentarse a los retenes de seguridad dispuesto por la ministra de Seguridad Patricia Bullrich, que una y otra vez los deten\u00edan. No s\u00f3lo los demoraron para que no llegaran a esta capital sino que filmaban a los pasajeros, lo que hizo recordar a la pasada dictadura militar.<\/p>\n<p class=\"nota-justify\">Este d\u00eda demostr\u00f3 que la sociedad argentina no est\u00e1 dispuesta a aceptar sin resistencia el retroceso democr\u00e1tico, la p\u00e9rdida de derechos todo aquellos que sorprendi\u00f3 a muchos por los reclamos justos y las definiciones pol\u00edticas del momento que est\u00e1 viviendo el pa\u00eds, y c\u00f3mo impact\u00f3 lo sucedido con los jubilados, que estuvieron presentes en todas las voces, en los hijos recataban todo lo que signific\u00f3 para millones de personas poder jubilarse.<\/p>\n<p class=\"nota-justify\">Ahora llueven los pedidos de amparo ante los nuevos decretos firmados por Milei, cuando lleg\u00f3 envalentonado de Israel, de donde sali\u00f3 dos horas antes de que comenzara el bombardeo contra Ir\u00e1n.<\/p>\n","protected":false},"excerpt":{"rendered":"<p>En una hist\u00f3rica marcha pac\u00edfica, calculada en m\u00e1s de medio mill\u00f3n de personas s\u00f3lo en esta capital &#8211; sin contar<\/p>\n","protected":false},"author":4,"featured_media":65257,"comment_status":"closed","ping_status":"closed","sticky":false,"template":"","format":"standard","meta":{"colormag_page_container_layout":"default_layout","colormag_page_sidebar_layout":"default_layout","_jetpack_memberships_contains_paid_content":false,"footnotes":"","jetpack_publicize_message":"","jetpack_publicize_feature_enabled":true,"jetpack_social_post_already_shared":false,"jetpack_social_options":{"image_generator_settings":{"template":"highway","default_image_id":0,"font":"","enabled":false},"version":2}},"categories":[28],"tags":[],"class_list":["post-65256","post","type-post","status-publish","format-standard","has-post-thumbnail","hentry","category-internacional"],"jetpack_publicize_connections":[],"jetpack_featured_media_url":"https:\/\/i0.wp.com\/politicosaldesnudo.com.mx\/wp-content\/uploads\/2025\/06\/CRIST.jpg?fit=767%2C496&ssl=1","jetpack-related-posts":[],"jetpack_sharing_enabled":true,"_links":{"self":[{"href":"https:\/\/politicosaldesnudo.com.mx\/index.php\/wp-json\/wp\/v2\/posts\/65256","targetHints":{"allow":["GET"]}}],"collection":[{"href":"https:\/\/politicosaldesnudo.com.mx\/index.php\/wp-json\/wp\/v2\/posts"}],"about":[{"href":"https:\/\/politicosaldesnudo.com.mx\/index.php\/wp-json\/wp\/v2\/types\/post"}],"author":[{"embeddable":true,"href":"https:\/\/politicosaldesnudo.com.mx\/index.php\/wp-json\/wp\/v2\/users\/4"}],"replies":[{"embeddable":true,"href":"https:\/\/politicosaldesnudo.com.mx\/index.php\/wp-json\/wp\/v2\/comments?post=65256"}],"version-history":[{"count":0,"href":"https:\/\/politicosaldesnudo.com.mx\/index.php\/wp-json\/wp\/v2\/posts\/65256\/revisions"}],"wp:featuredmedia":[{"embeddable":true,"href":"https:\/\/politicosaldesnudo.com.mx\/index.php\/wp-json\/wp\/v2\/media\/65257"}],"wp:attachment":[{"href":"https:\/\/politicosaldesnudo.com.mx\/index.php\/wp-json\/wp\/v2\/media?parent=65256"}],"wp:term":[{"taxonomy":"category","embeddable":true,"href":"https:\/\/politicosaldesnudo.com.mx\/index.php\/wp-json\/wp\/v2\/categories?post=65256"},{"taxonomy":"post_tag","embeddable":true,"href":"https:\/\/politicosaldesnudo.com.mx\/index.php\/wp-json\/wp\/v2\/tags?post=65256"}],"curies":[{"name":"wp","href":"https:\/\/api.w.org\/{rel}","templated":true}]}}