{"id":65259,"date":"2025-06-19T00:18:35","date_gmt":"2025-06-19T06:18:35","guid":{"rendered":"https:\/\/politicosaldesnudo.com.mx\/?p=65259"},"modified":"2025-06-19T00:03:31","modified_gmt":"2025-06-19T06:03:31","slug":"bolsonaro-uso-inteligencia-para-espionaje-a-jueces-y-periodistas-revelan","status":"publish","type":"post","link":"https:\/\/politicosaldesnudo.com.mx\/index.php\/2025\/06\/19\/bolsonaro-uso-inteligencia-para-espionaje-a-jueces-y-periodistas-revelan\/","title":{"rendered":"Bolsonaro us\u00f3 inteligencia para espionaje a jueces y periodistas, revelan"},"content":{"rendered":"<p class=\"nota-justify\">La polic\u00eda federal de Brasil acus\u00f3 al ex presidente Jair Bolsonaro y a otras 35 personas de participar en un extenso plan en el que se utiliz\u00f3 a la agencia nacional de inteligencia para espiar a miembros del poder judicial, legisladores y periodistas. El Supremo Tribunal Federal abri\u00f3 este mi\u00e9rcoles el documento de mil 125 p\u00e1ginas, que se suma a los problemas legales del ex mandatario ultraderechista.<\/p>\n<p class=\"nota-justify\">Seg\u00fan el documento de la polic\u00eda federal, Bolsonaro estaba al tanto del plan y era su principal beneficiario. El investigador Daniel Carvalho Brasil Nascimento, quien preside la pesquisa, identific\u00f3 a uno de los hijos del ex presidente \u2014el concejal de R\u00edo de Janeiro Carlos Bolsonaro\u2014 como miembro clave de la operaci\u00f3n. La indagaci\u00f3n de la polic\u00eda gira en torno a una llamada estructura paralela dentro de la agencia de inteligencia de Brasil.<\/p>\n<p class=\"nota-justify\">\u201c(Bolsonaro y Carlos) fueron responsables de definir las directrices estrat\u00e9gicas de la organizaci\u00f3n criminal, de elegir a los objetivos de las acciones clandestinas (contra opositores, instituciones, el sistema electoral) para obtener beneficios pol\u00edticos de estas operaciones. Son el centro de decisi\u00f3n y los principales beneficiarios de ventajas il\u00edcitas\u201d, destac\u00f3 la polic\u00eda federal.<\/p>\n<p class=\"nota-justify\">Bolsonaro, quien gobern\u00f3 al pa\u00eds entre 2019 y 2022 y ya est\u00e1 inhabilitado por el tribunal electoral de Brasil para postularse en las elecciones del pr\u00f3ximo a\u00f1o, se encuentra actualmente en juicio por acusaciones de que intent\u00f3 llevar a cabo un golpe de Estado para permanecer en el poder a pesar de su derrota electoral de 2022 ante el actual presidente Luiz In\u00e1cio Lula da Silva. Bolsonaro niega haber cometido cualquier irregularidad y afirma que es objeto de una persecuci\u00f3n pol\u00edtica.<\/p>\n<p class=\"nota-justify\">Uno de los cargos por los que el ultra derechista ser\u00e1 sentenciado en el caso del golpe de estado es precisamente por encabezar una organizaci\u00f3n criminal, por lo que la polic\u00eda federal no pudo solicitar una nueva acusaci\u00f3n de este tipo en el documento dado a conocer el mi\u00e9rcoles, ya que ambas investigaciones est\u00e1n entrelazadas.<\/p>\n","protected":false},"excerpt":{"rendered":"<p>La polic\u00eda federal de Brasil acus\u00f3 al ex presidente Jair Bolsonaro y a otras 35 personas de participar en un<\/p>\n","protected":false},"author":4,"featured_media":65260,"comment_status":"closed","ping_status":"closed","sticky":false,"template":"","format":"standard","meta":{"colormag_page_container_layout":"default_layout","colormag_page_sidebar_layout":"default_layout","_jetpack_memberships_contains_paid_content":false,"footnotes":"","jetpack_publicize_message":"","jetpack_publicize_feature_enabled":true,"jetpack_social_post_already_shared":false,"jetpack_social_options":{"image_generator_settings":{"template":"highway","default_image_id":0,"font":"","enabled":false},"version":2}},"categories":[28],"tags":[],"class_list":["post-65259","post","type-post","status-publish","format-standard","has-post-thumbnail","hentry","category-internacional"],"jetpack_publicize_connections":[],"jetpack_featured_media_url":"https:\/\/i0.wp.com\/politicosaldesnudo.com.mx\/wp-content\/uploads\/2025\/06\/BOLSO.jpg?fit=470%2C320&ssl=1","jetpack-related-posts":[],"jetpack_sharing_enabled":true,"_links":{"self":[{"href":"https:\/\/politicosaldesnudo.com.mx\/index.php\/wp-json\/wp\/v2\/posts\/65259","targetHints":{"allow":["GET"]}}],"collection":[{"href":"https:\/\/politicosaldesnudo.com.mx\/index.php\/wp-json\/wp\/v2\/posts"}],"about":[{"href":"https:\/\/politicosaldesnudo.com.mx\/index.php\/wp-json\/wp\/v2\/types\/post"}],"author":[{"embeddable":true,"href":"https:\/\/politicosaldesnudo.com.mx\/index.php\/wp-json\/wp\/v2\/users\/4"}],"replies":[{"embeddable":true,"href":"https:\/\/politicosaldesnudo.com.mx\/index.php\/wp-json\/wp\/v2\/comments?post=65259"}],"version-history":[{"count":0,"href":"https:\/\/politicosaldesnudo.com.mx\/index.php\/wp-json\/wp\/v2\/posts\/65259\/revisions"}],"wp:featuredmedia":[{"embeddable":true,"href":"https:\/\/politicosaldesnudo.com.mx\/index.php\/wp-json\/wp\/v2\/media\/65260"}],"wp:attachment":[{"href":"https:\/\/politicosaldesnudo.com.mx\/index.php\/wp-json\/wp\/v2\/media?parent=65259"}],"wp:term":[{"taxonomy":"category","embeddable":true,"href":"https:\/\/politicosaldesnudo.com.mx\/index.php\/wp-json\/wp\/v2\/categories?post=65259"},{"taxonomy":"post_tag","embeddable":true,"href":"https:\/\/politicosaldesnudo.com.mx\/index.php\/wp-json\/wp\/v2\/tags?post=65259"}],"curies":[{"name":"wp","href":"https:\/\/api.w.org\/{rel}","templated":true}]}}