{"id":65271,"date":"2025-06-19T00:10:41","date_gmt":"2025-06-19T06:10:41","guid":{"rendered":"https:\/\/politicosaldesnudo.com.mx\/?p=65271"},"modified":"2025-06-19T00:10:41","modified_gmt":"2025-06-19T06:10:41","slug":"renuncia-otro-miembro-de-la-junta-de-gobierno-de-la-uv","status":"publish","type":"post","link":"https:\/\/politicosaldesnudo.com.mx\/index.php\/2025\/06\/19\/renuncia-otro-miembro-de-la-junta-de-gobierno-de-la-uv\/","title":{"rendered":"Renuncia otro miembro de la Junta  de Gobierno de la UV"},"content":{"rendered":"<ul>\n<li style=\"font-weight: 400;\"><strong>Se trata de la doctora Haydee Zizumbo Ram\u00edrez<\/strong><\/li>\n<li style=\"font-weight: 400;\"><strong>Por las presiones para aprobar la pr\u00f3rroga del Rector<\/strong><\/li>\n<li style=\"font-weight: 400;\"><strong>es la segunda persona que sale de la actual Junta<\/strong><\/li>\n<\/ul>\n<p style=\"font-weight: 400;\">Por Miguel \u00c1ngel Cristiani G.<\/p>\n<p style=\"font-weight: 400;\">Trascendi\u00f3 esta tarde de mi\u00e9rcoles, que la doctora Haydee Zizumbo Ram\u00edrez acaba de presentar su renuncia como integrante de la Junta de Gobierno de la Universidad Veracruzana.<\/p>\n<p style=\"font-weight: 400;\">Aunque oficialmente no se ha dado a conocer la noticia -para variar- se sabe que es debido a las presiones de que ha estado siendo objeto para aprobar la \u201cprorroga\u201d del mandato del actual rector Mart\u00edn Aguilar.<\/p>\n<p style=\"font-weight: 400;\">La doctora Haydee Zizumbo Ram\u00edrez es contadora p\u00fablica y auditor de la regi\u00f3n del puerto de Veracruz.<\/p>\n<p style=\"font-weight: 400;\">La doctora Haydee Zizumbo Ram\u00edrez acaba de presentar su renuncia como integrante de la Junta de Gobierno de la UV.<\/p>\n<p style=\"font-weight: 400;\">Como es bien sabido, la doctora Haydee Zizumbo es la segunda persona que sale de la actual Junta, pues hace d\u00edas hizo lo mismo la doctora Mar\u00eda Ang\u00e9lica Buend\u00eda Espinosa.<\/p>\n<p style=\"font-weight: 400;\">Ambas solicitudes han sido ocultadas por las autoridades universitarias.<\/p>\n<p style=\"font-weight: 400;\">Ninguna de las dos renuncias de las nueve personalidades que integran la Junta de Gobierno se han transparentado y mucho menos se han dado a conocer oficialmente.<\/p>\n<p style=\"font-weight: 400;\">Aunque ya la mism\u00edsima gobernadora del estado Roc\u00edo Nahle ha dicho que en el nombramiento del nuevo rector Mart\u00edn Aguilar est\u00e1 imposibilitado por la ley, al interior de la Junta de Gobierno que es la que finalmente deber\u00e1 de designar al nuevo titular, se han venido dando amenazas para que el todav\u00eda rector puede cumplir su capricho.<\/p>\n<p style=\"font-weight: 400;\">Ese ser\u00eda el motivo principal de las renuncias, que sin importar lo que ya ha manifestado la propia gobernadora Roc\u00edo Nahle, se sigue empecinado en su ilegal prorroga.<\/p>\n<p style=\"font-weight: 400;\">Se informo que la doctora Haydee Zizumbo ofrecer\u00e1 ma\u00f1ana una conferencia de prensa para anunciar\u00a0sus\u00a0motivos para renunciar a la Junta de Gobierno.<\/p>\n<p style=\"font-weight: 400;\">Como es bien sabido tambi\u00e9n, la doctora Haydee Zizumbo Ram\u00edrez es universitaria del puerto de Veracruz, tiene su formaci\u00f3n acad\u00e9mica en la Licenciatura Contador P\u00fablico y Auditor.<\/p>\n<p style=\"font-weight: 400;\">Tiene adem\u00e1s Especialidad en Auditor\u00eda Financiera y Administraci\u00f3n Fiscal.<\/p>\n<p style=\"font-weight: 400;\">Maestr\u00eda Administraci\u00f3n Fiscal.<\/p>\n<p style=\"font-weight: 400;\">Doctorado en Gobierno y Administraci\u00f3n P\u00fablica<\/p>\n<p style=\"font-weight: 400;\">Experiencia docente: en la Universidad Veracruzana desde (1994-a la fecha) en el Nivel: de Licenciatura en la Facultad de Contadur\u00eda, UV, regi\u00f3n Veracruz<\/p>\n<p style=\"font-weight: 400;\">Algunos de los reconocimientos y distinciones que ha recibido son:<\/p>\n<p style=\"font-weight: 400;\">Diploma al m\u00e9rito universitario en el \u00e1rea Econ\u00f3mico-Administrativa en la regi\u00f3n Veracruz. 1987.<\/p>\n<p style=\"font-weight: 400;\">Menci\u00f3n honor\u00edfica en el examen profesional de Licenciatura. 1988.<\/p>\n<p style=\"font-weight: 400;\">Menci\u00f3n honor\u00edfica en el examen para obtener el grado de Maestro en Administraci\u00f3n Fiscal. 2001.<\/p>\n<p style=\"font-weight: 400;\">Reconocimiento por la calidad integral en el desempe\u00f1o docente. 2010.<\/p>\n<p style=\"font-weight: 400;\">Reconocimiento por la labor docente al servicio de la educaci\u00f3n y ense\u00f1anza profesional. 2012.<\/p>\n<p style=\"font-weight: 400;\">Reconocimiento por la contribuci\u00f3n a la vida acad\u00e9mica, la entrega excepcional al ejercicio de la docencia y la probada calidad humana y profesional. 2012.<\/p>\n<p style=\"font-weight: 400;\">Reconocimiento al desempe\u00f1o docente. 2021.<\/p>\n<p style=\"font-weight: 400;\">Reconocimiento por el compromiso en la formaci\u00f3n acad\u00e9mica de los estudiantes como tutor acad\u00e9mico. 2010 a 2012.<\/p>\n<p style=\"font-weight: 400;\">Reconocimiento por asesor\u00eda del tercer lugar de la zona 6 ANFECA en el Trig\u00e9simo Premio Nacional de tesis de Licenciatura y Posgrado. 2015.<\/p>\n<p><img data-recalc-dims=\"1\" loading=\"lazy\" decoding=\"async\" class=\"aligncenter size-full wp-image-65269\" src=\"https:\/\/i0.wp.com\/politicosaldesnudo.com.mx\/wp-content\/uploads\/2025\/06\/FIRMA-EDITORIAL-PD-5.jpg?resize=800%2C98&#038;ssl=1\" alt=\"\" width=\"800\" height=\"98\" srcset=\"https:\/\/i0.wp.com\/politicosaldesnudo.com.mx\/wp-content\/uploads\/2025\/06\/FIRMA-EDITORIAL-PD-5.jpg?w=1024&amp;ssl=1 1024w, https:\/\/i0.wp.com\/politicosaldesnudo.com.mx\/wp-content\/uploads\/2025\/06\/FIRMA-EDITORIAL-PD-5.jpg?resize=300%2C37&amp;ssl=1 300w, https:\/\/i0.wp.com\/politicosaldesnudo.com.mx\/wp-content\/uploads\/2025\/06\/FIRMA-EDITORIAL-PD-5.jpg?resize=768%2C94&amp;ssl=1 768w\" sizes=\"auto, (max-width: 800px) 100vw, 800px\" \/><\/p>\n","protected":false},"excerpt":{"rendered":"<p>Se trata de la doctora Haydee Zizumbo Ram\u00edrez Por las presiones para aprobar la pr\u00f3rroga del Rector es la segunda<\/p>\n","protected":false},"author":4,"featured_media":46060,"comment_status":"closed","ping_status":"closed","sticky":false,"template":"","format":"standard","meta":{"colormag_page_container_layout":"default_layout","colormag_page_sidebar_layout":"default_layout","_jetpack_memberships_contains_paid_content":false,"footnotes":"","jetpack_publicize_message":"","jetpack_publicize_feature_enabled":true,"jetpack_social_post_already_shared":false,"jetpack_social_options":{"image_generator_settings":{"template":"highway","default_image_id":0,"font":"","enabled":false},"version":2}},"categories":[26],"tags":[],"class_list":["post-65271","post","type-post","status-publish","format-standard","has-post-thumbnail","hentry","category-columnistas"],"jetpack_publicize_connections":[],"jetpack_featured_media_url":"https:\/\/i0.wp.com\/politicosaldesnudo.com.mx\/wp-content\/uploads\/2024\/09\/CRISTIANI-2.jpg?fit=800%2C445&ssl=1","jetpack-related-posts":[],"jetpack_sharing_enabled":true,"_links":{"self":[{"href":"https:\/\/politicosaldesnudo.com.mx\/index.php\/wp-json\/wp\/v2\/posts\/65271","targetHints":{"allow":["GET"]}}],"collection":[{"href":"https:\/\/politicosaldesnudo.com.mx\/index.php\/wp-json\/wp\/v2\/posts"}],"about":[{"href":"https:\/\/politicosaldesnudo.com.mx\/index.php\/wp-json\/wp\/v2\/types\/post"}],"author":[{"embeddable":true,"href":"https:\/\/politicosaldesnudo.com.mx\/index.php\/wp-json\/wp\/v2\/users\/4"}],"replies":[{"embeddable":true,"href":"https:\/\/politicosaldesnudo.com.mx\/index.php\/wp-json\/wp\/v2\/comments?post=65271"}],"version-history":[{"count":0,"href":"https:\/\/politicosaldesnudo.com.mx\/index.php\/wp-json\/wp\/v2\/posts\/65271\/revisions"}],"wp:featuredmedia":[{"embeddable":true,"href":"https:\/\/politicosaldesnudo.com.mx\/index.php\/wp-json\/wp\/v2\/media\/46060"}],"wp:attachment":[{"href":"https:\/\/politicosaldesnudo.com.mx\/index.php\/wp-json\/wp\/v2\/media?parent=65271"}],"wp:term":[{"taxonomy":"category","embeddable":true,"href":"https:\/\/politicosaldesnudo.com.mx\/index.php\/wp-json\/wp\/v2\/categories?post=65271"},{"taxonomy":"post_tag","embeddable":true,"href":"https:\/\/politicosaldesnudo.com.mx\/index.php\/wp-json\/wp\/v2\/tags?post=65271"}],"curies":[{"name":"wp","href":"https:\/\/api.w.org\/{rel}","templated":true}]}}