{"id":65273,"date":"2025-06-19T00:12:42","date_gmt":"2025-06-19T06:12:42","guid":{"rendered":"https:\/\/politicosaldesnudo.com.mx\/?p=65273"},"modified":"2025-06-19T00:12:42","modified_gmt":"2025-06-19T06:12:42","slug":"rogelio-franco-libre","status":"publish","type":"post","link":"https:\/\/politicosaldesnudo.com.mx\/index.php\/2025\/06\/19\/rogelio-franco-libre\/","title":{"rendered":"Rogelio Franco: libre"},"content":{"rendered":"<p><em>\u201cA tus amigos acons\u00e9jalos en privado y el\u00f3gialos p\u00fablicamente.\u201d \u2013 Syro.<\/em><\/p>\n<p><strong>Despu\u00e9s de m\u00e1s de cuatro a\u00f1os de injusto encierro \u2013mil 556 d\u00edas para ser exactos-, Rogelio Franco Cast\u00e1n ha recuperado su libertad. Con ello, tambi\u00e9n ha quedado evidenciada la maquinaria perversa que desde el poder estatal se utiliz\u00f3 para aniquilar pol\u00edticamente a quien fuera uno de los l\u00edderes m\u00e1s visibles y congruentes de la izquierda veracruzana.<\/strong><\/p>\n<p><strong>Hoy, Franco ha solventado las m\u00e1s de once acusaciones que el gobierno de horror encabezado por Cuitl\u00e1huac Garc\u00eda Jim\u00e9nez fabric\u00f3 en su contra. En el caso de Rogelio Franco \u201cno hubo justicia, hubo venganza\u201d.<\/strong><\/p>\n<p><strong>Detr\u00e1s de su encarcelamiento se esconde el miedo que generaba su liderazgo, su capacidad de interlocuci\u00f3n y su posibilidad real de aglutinar un bloque opositor s\u00f3lido en Veracruz. No fue casual que, en pleno proceso electoral, el ex gobernador Cuitl\u00e1huac Garc\u00eda Jim\u00e9nez se valiera de su operador m\u00e1s siniestro, Eric Patrocinio Cisneros Burgos, para orquestar una embestida que tuvo el respaldo de la Fiscal\u00eda General del Estado, encabezada por Ver\u00f3nica Hern\u00e1ndez Giad\u00e1ns. El objetivo era claro: sepultar la trayectoria de Franco, alejarlo de su familia y quebrarlo moralmente.<\/strong><\/p>\n<p><strong>Pero el c\u00e1lculo fue errado. Franco no solo sobrevivi\u00f3, sino que resisti\u00f3. Con su salida de prisi\u00f3n, se confirma lo que durante a\u00f1os se denunci\u00f3: fue un preso pol\u00edtico del sexenio cuitlahuista, utilizado como pieza de cambio en un juego mayor, en el que algunos miembros del Clan Yunes habr\u00edan negociado su impunidad usando a Franco como ficha para calmar la ira del lopezobradorismo, tras a\u00f1os de confrontaciones con el propio Andr\u00e9s Manuel L\u00f3pez Obrador.<\/strong><\/p>\n<p><strong>En una paradoja perversa, uno de los hombres que fund\u00f3 el PRD en Veracruz y defendi\u00f3 las causas de izquierda aut\u00e9nticas fue perseguido por quienes hoy se dicen herederos de ese mismo movimiento. Las im\u00e1genes de Cuitl\u00e1huac Garc\u00eda disfrazado de payaso en cruceros o animando m\u00edtines como personaje de feria son m\u00e1s que una burla: son la muestra del bajo perfil, pol\u00edtico e intelectual, de quien jam\u00e1s entendi\u00f3 el poder m\u00e1s all\u00e1 del rencor.<\/strong><\/p>\n<p><strong>Hoy Franco Cast\u00e1n est\u00e1 libre, y con \u00e9l tambi\u00e9n su voz, su dignidad y su temple. Volver\u00e1 a abrazar a sus hijas, a su madre, y con el tiempo decidir\u00e1 si su camino regresa a la vida p\u00fablica. Eso s\u00ed, alejado de partidos de cart\u00f3n como Movimiento Ciudadano (MC), convertido en un refugio de oportunistas y rateros.<\/strong><\/p>\n<p><strong>Dice el refr\u00e1n popular que \u201clo que no mata, fortalece\u201d. Y Rogelio Franco, m\u00e1s all\u00e1 de los barrotes, ya demostr\u00f3 que su esp\u00edritu pol\u00edtico sigue intacto. Libre, s\u00ed. Pero, sobre todo, digno.<\/strong><\/p>\n<p><strong>\u00a0<\/strong><\/p>\n<p><strong>Al tiempo.<\/strong><\/p>\n<p><img data-recalc-dims=\"1\" loading=\"lazy\" decoding=\"async\" class=\"aligncenter size-full wp-image-65269\" src=\"https:\/\/i0.wp.com\/politicosaldesnudo.com.mx\/wp-content\/uploads\/2025\/06\/FIRMA-EDITORIAL-PD-5.jpg?resize=800%2C98&#038;ssl=1\" alt=\"\" width=\"800\" height=\"98\" srcset=\"https:\/\/i0.wp.com\/politicosaldesnudo.com.mx\/wp-content\/uploads\/2025\/06\/FIRMA-EDITORIAL-PD-5.jpg?w=1024&amp;ssl=1 1024w, https:\/\/i0.wp.com\/politicosaldesnudo.com.mx\/wp-content\/uploads\/2025\/06\/FIRMA-EDITORIAL-PD-5.jpg?resize=300%2C37&amp;ssl=1 300w, https:\/\/i0.wp.com\/politicosaldesnudo.com.mx\/wp-content\/uploads\/2025\/06\/FIRMA-EDITORIAL-PD-5.jpg?resize=768%2C94&amp;ssl=1 768w\" sizes=\"auto, (max-width: 800px) 100vw, 800px\" \/><\/p>\n","protected":false},"excerpt":{"rendered":"<p>\u201cA tus amigos acons\u00e9jalos en privado y el\u00f3gialos p\u00fablicamente.\u201d \u2013 Syro. Despu\u00e9s de m\u00e1s de cuatro a\u00f1os de injusto encierro<\/p>\n","protected":false},"author":4,"featured_media":36965,"comment_status":"closed","ping_status":"closed","sticky":false,"template":"","format":"standard","meta":{"colormag_page_container_layout":"default_layout","colormag_page_sidebar_layout":"default_layout","_jetpack_memberships_contains_paid_content":false,"footnotes":"","jetpack_publicize_message":"","jetpack_publicize_feature_enabled":true,"jetpack_social_post_already_shared":false,"jetpack_social_options":{"image_generator_settings":{"template":"highway","default_image_id":0,"font":"","enabled":false},"version":2}},"categories":[26],"tags":[],"class_list":["post-65273","post","type-post","status-publish","format-standard","has-post-thumbnail","hentry","category-columnistas"],"jetpack_publicize_connections":[],"jetpack_featured_media_url":"https:\/\/i0.wp.com\/politicosaldesnudo.com.mx\/wp-content\/uploads\/2024\/05\/LUIS-RAMIREZ-BAQUEIRO.jpg?fit=800%2C445&ssl=1","jetpack-related-posts":[],"jetpack_sharing_enabled":true,"_links":{"self":[{"href":"https:\/\/politicosaldesnudo.com.mx\/index.php\/wp-json\/wp\/v2\/posts\/65273","targetHints":{"allow":["GET"]}}],"collection":[{"href":"https:\/\/politicosaldesnudo.com.mx\/index.php\/wp-json\/wp\/v2\/posts"}],"about":[{"href":"https:\/\/politicosaldesnudo.com.mx\/index.php\/wp-json\/wp\/v2\/types\/post"}],"author":[{"embeddable":true,"href":"https:\/\/politicosaldesnudo.com.mx\/index.php\/wp-json\/wp\/v2\/users\/4"}],"replies":[{"embeddable":true,"href":"https:\/\/politicosaldesnudo.com.mx\/index.php\/wp-json\/wp\/v2\/comments?post=65273"}],"version-history":[{"count":0,"href":"https:\/\/politicosaldesnudo.com.mx\/index.php\/wp-json\/wp\/v2\/posts\/65273\/revisions"}],"wp:featuredmedia":[{"embeddable":true,"href":"https:\/\/politicosaldesnudo.com.mx\/index.php\/wp-json\/wp\/v2\/media\/36965"}],"wp:attachment":[{"href":"https:\/\/politicosaldesnudo.com.mx\/index.php\/wp-json\/wp\/v2\/media?parent=65273"}],"wp:term":[{"taxonomy":"category","embeddable":true,"href":"https:\/\/politicosaldesnudo.com.mx\/index.php\/wp-json\/wp\/v2\/categories?post=65273"},{"taxonomy":"post_tag","embeddable":true,"href":"https:\/\/politicosaldesnudo.com.mx\/index.php\/wp-json\/wp\/v2\/tags?post=65273"}],"curies":[{"name":"wp","href":"https:\/\/api.w.org\/{rel}","templated":true}]}}