{"id":65284,"date":"2025-06-19T21:05:16","date_gmt":"2025-06-20T03:05:16","guid":{"rendered":"https:\/\/politicosaldesnudo.com.mx\/?p=65284"},"modified":"2025-06-19T21:05:16","modified_gmt":"2025-06-20T03:05:16","slug":"concluyo-la-capacitacion-a-medicos-veterinarios-zootecnistas-que-participaran-en-la-campana-nacional-contra-la-tuberculosis-bovina","status":"publish","type":"post","link":"https:\/\/politicosaldesnudo.com.mx\/index.php\/2025\/06\/19\/concluyo-la-capacitacion-a-medicos-veterinarios-zootecnistas-que-participaran-en-la-campana-nacional-contra-la-tuberculosis-bovina\/","title":{"rendered":"Concluy\u00f3 la capacitaci\u00f3n a m\u00e9dicos veterinarios zootecnistas que participar\u00e1n en la Campa\u00f1a Nacional contra la Tuberculosis Bovina"},"content":{"rendered":"<p>Tuxpan, Ver., 19 de junio de 2025.- Se realiz\u00f3 con \u00e9xito el \u201cCurso-Taller para personal operativo que se incorpora al programa de Barrido como parte de la vigilancia en la Campa\u00f1a Nacional contra la Tuberculosis Bovina (Mycobacterium bovis)\u201d, por parte de la Direcci\u00f3n General de Ganader\u00eda del Gobierno del Estado, en coordinaci\u00f3n con el Ayuntamiento de Tuxpan.<\/p>\n<p><img data-recalc-dims=\"1\" loading=\"lazy\" decoding=\"async\" class=\"aligncenter size-large wp-image-65287\" src=\"https:\/\/i0.wp.com\/politicosaldesnudo.com.mx\/wp-content\/uploads\/2025\/06\/WhatsApp-Image-2025-06-19-at-15.20.06-1024x460.jpeg?resize=800%2C359&#038;ssl=1\" alt=\"\" width=\"800\" height=\"359\" srcset=\"https:\/\/i0.wp.com\/politicosaldesnudo.com.mx\/wp-content\/uploads\/2025\/06\/WhatsApp-Image-2025-06-19-at-15.20.06.jpeg?resize=1024%2C460&amp;ssl=1 1024w, https:\/\/i0.wp.com\/politicosaldesnudo.com.mx\/wp-content\/uploads\/2025\/06\/WhatsApp-Image-2025-06-19-at-15.20.06.jpeg?resize=300%2C135&amp;ssl=1 300w, https:\/\/i0.wp.com\/politicosaldesnudo.com.mx\/wp-content\/uploads\/2025\/06\/WhatsApp-Image-2025-06-19-at-15.20.06.jpeg?resize=768%2C345&amp;ssl=1 768w, https:\/\/i0.wp.com\/politicosaldesnudo.com.mx\/wp-content\/uploads\/2025\/06\/WhatsApp-Image-2025-06-19-at-15.20.06.jpeg?resize=1536%2C689&amp;ssl=1 1536w, https:\/\/i0.wp.com\/politicosaldesnudo.com.mx\/wp-content\/uploads\/2025\/06\/WhatsApp-Image-2025-06-19-at-15.20.06.jpeg?w=1600&amp;ssl=1 1600w\" sizes=\"auto, (max-width: 800px) 100vw, 800px\" \/><\/p>\n<p>El director de Desarrollo Agropecuario, Edmundo Crist\u00f3bal Cruz, reconoci\u00f3 el trabajo del MVZ. Rub\u00e9n Rueda Rodr\u00edguez, director general de Ganader\u00eda, y el apoyo del alcalde Dr. Jes\u00fas Fomperoza Torres para la realizaci\u00f3n de esta capacitaci\u00f3n a m\u00e9dicos veterinarios zootecnistas de la regi\u00f3n.<\/p>\n<p>El curso-taller fue impartido por el MVZ. Ulises Fernando Mir\u00f3n Leal, Supervisor de Campa\u00f1as Zoosanitarias de SENASICA, quien llev\u00f3 a cabo la pr\u00e1ctica en campo, sobre la Lectura de Prueba de Pliegue Caudal y Cervical Simple y la Lectura de Doble Cervical Comparativa. Las actividades se efectuaron en el rancho \u201cDon Jos\u00e9\u201d, en el ejido Sabanillas.<\/p>\n<p><img data-recalc-dims=\"1\" loading=\"lazy\" decoding=\"async\" class=\"aligncenter size-large wp-image-65285\" src=\"https:\/\/i0.wp.com\/politicosaldesnudo.com.mx\/wp-content\/uploads\/2025\/06\/WhatsApp-Image-2025-06-19-at-15.20.05-1024x460.jpeg?resize=800%2C359&#038;ssl=1\" alt=\"\" width=\"800\" height=\"359\" srcset=\"https:\/\/i0.wp.com\/politicosaldesnudo.com.mx\/wp-content\/uploads\/2025\/06\/WhatsApp-Image-2025-06-19-at-15.20.05.jpeg?resize=1024%2C460&amp;ssl=1 1024w, https:\/\/i0.wp.com\/politicosaldesnudo.com.mx\/wp-content\/uploads\/2025\/06\/WhatsApp-Image-2025-06-19-at-15.20.05.jpeg?resize=300%2C135&amp;ssl=1 300w, https:\/\/i0.wp.com\/politicosaldesnudo.com.mx\/wp-content\/uploads\/2025\/06\/WhatsApp-Image-2025-06-19-at-15.20.05.jpeg?resize=768%2C345&amp;ssl=1 768w, https:\/\/i0.wp.com\/politicosaldesnudo.com.mx\/wp-content\/uploads\/2025\/06\/WhatsApp-Image-2025-06-19-at-15.20.05.jpeg?resize=1536%2C689&amp;ssl=1 1536w, https:\/\/i0.wp.com\/politicosaldesnudo.com.mx\/wp-content\/uploads\/2025\/06\/WhatsApp-Image-2025-06-19-at-15.20.05.jpeg?w=1600&amp;ssl=1 1600w\" sizes=\"auto, (max-width: 800px) 100vw, 800px\" \/><\/p>\n<p>Este curso-taller se llev\u00f3 a cabo con el fin de dar capacitaci\u00f3n a los m\u00e9dicos veterinarios zootecnistas que estar\u00e1n a cargo de la Campa\u00f1a de Tuberculosis Bovina.<\/p>\n<p>En estos trabajos tambi\u00e9n participaron el Colegio Estatal de M\u00e9dicos Veterinarios Zootecnistas, el Comit\u00e9 para Fomento y Protecci\u00f3n Pecuaria y al SINIIGA.<\/p>\n","protected":false},"excerpt":{"rendered":"<p>Tuxpan, Ver., 19 de junio de 2025.- Se realiz\u00f3 con \u00e9xito el \u201cCurso-Taller para personal operativo que se incorpora al<\/p>\n","protected":false},"author":4,"featured_media":65286,"comment_status":"closed","ping_status":"closed","sticky":false,"template":"","format":"standard","meta":{"colormag_page_container_layout":"default_layout","colormag_page_sidebar_layout":"default_layout","_jetpack_memberships_contains_paid_content":false,"footnotes":"","jetpack_publicize_message":"","jetpack_publicize_feature_enabled":true,"jetpack_social_post_already_shared":false,"jetpack_social_options":{"image_generator_settings":{"template":"highway","default_image_id":0,"font":"","enabled":false},"version":2}},"categories":[3205,1082],"tags":[],"class_list":["post-65284","post","type-post","status-publish","format-standard","has-post-thumbnail","hentry","category-gobierno-tuxpan","category-tuxpan"],"jetpack_publicize_connections":[],"jetpack_featured_media_url":"https:\/\/i0.wp.com\/politicosaldesnudo.com.mx\/wp-content\/uploads\/2025\/06\/WhatsApp-Image-2025-06-19-at-15.20.06-1.jpeg?fit=1600%2C718&ssl=1","jetpack-related-posts":[],"jetpack_sharing_enabled":true,"_links":{"self":[{"href":"https:\/\/politicosaldesnudo.com.mx\/index.php\/wp-json\/wp\/v2\/posts\/65284","targetHints":{"allow":["GET"]}}],"collection":[{"href":"https:\/\/politicosaldesnudo.com.mx\/index.php\/wp-json\/wp\/v2\/posts"}],"about":[{"href":"https:\/\/politicosaldesnudo.com.mx\/index.php\/wp-json\/wp\/v2\/types\/post"}],"author":[{"embeddable":true,"href":"https:\/\/politicosaldesnudo.com.mx\/index.php\/wp-json\/wp\/v2\/users\/4"}],"replies":[{"embeddable":true,"href":"https:\/\/politicosaldesnudo.com.mx\/index.php\/wp-json\/wp\/v2\/comments?post=65284"}],"version-history":[{"count":0,"href":"https:\/\/politicosaldesnudo.com.mx\/index.php\/wp-json\/wp\/v2\/posts\/65284\/revisions"}],"wp:featuredmedia":[{"embeddable":true,"href":"https:\/\/politicosaldesnudo.com.mx\/index.php\/wp-json\/wp\/v2\/media\/65286"}],"wp:attachment":[{"href":"https:\/\/politicosaldesnudo.com.mx\/index.php\/wp-json\/wp\/v2\/media?parent=65284"}],"wp:term":[{"taxonomy":"category","embeddable":true,"href":"https:\/\/politicosaldesnudo.com.mx\/index.php\/wp-json\/wp\/v2\/categories?post=65284"},{"taxonomy":"post_tag","embeddable":true,"href":"https:\/\/politicosaldesnudo.com.mx\/index.php\/wp-json\/wp\/v2\/tags?post=65284"}],"curies":[{"name":"wp","href":"https:\/\/api.w.org\/{rel}","templated":true}]}}