{"id":65300,"date":"2025-06-20T00:01:14","date_gmt":"2025-06-20T06:01:14","guid":{"rendered":"https:\/\/politicosaldesnudo.com.mx\/?p=65300"},"modified":"2025-06-19T21:50:57","modified_gmt":"2025-06-20T03:50:57","slug":"artochistas-piden-obras","status":"publish","type":"post","link":"https:\/\/politicosaldesnudo.com.mx\/index.php\/2025\/06\/20\/artochistas-piden-obras\/","title":{"rendered":"Artochistas piden obras"},"content":{"rendered":"<p>Un grupo de ciudadanos provenientes de la Comunidad de la Ceiba arribaron al palacio municipal, para entablar un nuevo di\u00e1logo con el Presidente Municipal Jes\u00fas Fomperoza, para conocer los avances en la gesti\u00f3n de sus obras prioritarias, puesto que no les reposde llamadas ni solicitudes de audiencia.<\/p>\n<p>Rodolfo de la Cruz Mel\u00e9ndez; responsable de la Secci\u00f3n Antorchista de Poza Rica y Tuxpan, inform\u00f3 que las principales obras que solicitan es la rehabilitaci\u00f3n de todas las calles, as\u00ed como el tema del drenaje, donde se van a beneficiar a m\u00e1s de 800 ciudadanos.<\/p>\n<p>Mencion\u00f3 que tienen varios a\u00f1os gestionando estas obras, adem\u00e1s de tratando de comunicarse con las autoridades municipales, sin respuesta positiva, por ello tomaron la determinaci\u00f3n de llegar al Ayuntamiento con una peque\u00f1a comitiva, con el objetivo de entrevistarse con la m\u00e1xima autoridad local y saber si sus obras han sido contempladas en el paquete de obras de este a\u00f1o.<\/p>\n<p>\u00abEstas peticiones no son nuevas, ya las dej\u00f3 encaminadas el anterior alcalde y hoy sub secretario de gobierno Jos\u00e9 Manuel Pozos Castro, qui\u00e9n nos inform\u00f3 que si estaban contempladas para este a\u00f1o y hoy queremos constatar que fuimos tomados en cuenta por la actual administraci\u00f3n, porque son muchas las necesidades que se tienen, pero estas son las prioritarias\u00bb, explic\u00f3.<\/p>\n<p>Agreg\u00f3 que les proecupa la situaci\u00f3n tab precaria en la que viven cientos de familias Tuxpe\u00f1as, no solo en las comunidades, sino tambi\u00e9n el las colonias de la cabecera municipal y que se acet\u00faan precisamente con la llegada de las lluvias, por lo que urge la atenci\u00f3n de la autoridad.<\/p>\n<p>\u00abViven en una situaci\u00f3n muy precaria que se acent\u00faa con las lluvias, se proliferan los mosquitos, hay problemas de salud por enfermedades gastrointestinales y se vive mal por la necesidad de servicios b\u00e1sicos\u00bb, concluy\u00f3.<\/p>\n","protected":false},"excerpt":{"rendered":"<p>Un grupo de ciudadanos provenientes de la Comunidad de la Ceiba arribaron al palacio municipal, para entablar un nuevo di\u00e1logo<\/p>\n","protected":false},"author":4,"featured_media":65301,"comment_status":"closed","ping_status":"closed","sticky":false,"template":"","format":"standard","meta":{"colormag_page_container_layout":"default_layout","colormag_page_sidebar_layout":"default_layout","_jetpack_memberships_contains_paid_content":false,"footnotes":"","jetpack_publicize_message":"","jetpack_publicize_feature_enabled":true,"jetpack_social_post_already_shared":false,"jetpack_social_options":{"image_generator_settings":{"template":"highway","default_image_id":0,"font":"","enabled":false},"version":2}},"categories":[1082],"tags":[],"class_list":["post-65300","post","type-post","status-publish","format-standard","has-post-thumbnail","hentry","category-tuxpan"],"jetpack_publicize_connections":[],"jetpack_featured_media_url":"https:\/\/i0.wp.com\/politicosaldesnudo.com.mx\/wp-content\/uploads\/2025\/06\/WhatsApp-Image-2025-06-19-at-11.52.43-1.jpg?fit=1600%2C900&ssl=1","jetpack-related-posts":[],"jetpack_sharing_enabled":true,"_links":{"self":[{"href":"https:\/\/politicosaldesnudo.com.mx\/index.php\/wp-json\/wp\/v2\/posts\/65300","targetHints":{"allow":["GET"]}}],"collection":[{"href":"https:\/\/politicosaldesnudo.com.mx\/index.php\/wp-json\/wp\/v2\/posts"}],"about":[{"href":"https:\/\/politicosaldesnudo.com.mx\/index.php\/wp-json\/wp\/v2\/types\/post"}],"author":[{"embeddable":true,"href":"https:\/\/politicosaldesnudo.com.mx\/index.php\/wp-json\/wp\/v2\/users\/4"}],"replies":[{"embeddable":true,"href":"https:\/\/politicosaldesnudo.com.mx\/index.php\/wp-json\/wp\/v2\/comments?post=65300"}],"version-history":[{"count":0,"href":"https:\/\/politicosaldesnudo.com.mx\/index.php\/wp-json\/wp\/v2\/posts\/65300\/revisions"}],"wp:featuredmedia":[{"embeddable":true,"href":"https:\/\/politicosaldesnudo.com.mx\/index.php\/wp-json\/wp\/v2\/media\/65301"}],"wp:attachment":[{"href":"https:\/\/politicosaldesnudo.com.mx\/index.php\/wp-json\/wp\/v2\/media?parent=65300"}],"wp:term":[{"taxonomy":"category","embeddable":true,"href":"https:\/\/politicosaldesnudo.com.mx\/index.php\/wp-json\/wp\/v2\/categories?post=65300"},{"taxonomy":"post_tag","embeddable":true,"href":"https:\/\/politicosaldesnudo.com.mx\/index.php\/wp-json\/wp\/v2\/tags?post=65300"}],"curies":[{"name":"wp","href":"https:\/\/api.w.org\/{rel}","templated":true}]}}