{"id":65303,"date":"2025-06-20T00:02:19","date_gmt":"2025-06-20T06:02:19","guid":{"rendered":"https:\/\/politicosaldesnudo.com.mx\/?p=65303"},"modified":"2025-06-19T21:51:53","modified_gmt":"2025-06-20T03:51:53","slug":"todo-listo-para-la-marcha-del-orgullo-2025","status":"publish","type":"post","link":"https:\/\/politicosaldesnudo.com.mx\/index.php\/2025\/06\/20\/todo-listo-para-la-marcha-del-orgullo-2025\/","title":{"rendered":"Todo listo para la marcha del orgullo 2025"},"content":{"rendered":"<p>Ser\u00e1 este 21 de junio cuando integrantes de la comunidad LGBTTTIQ+, participen en la marcha por el orgullo, la diversidad, la visibilidad y defensa de sus derechos.<\/p>\n<p>Los organizadores informaron que todo est\u00e1 listo para que la comunidad y sus aliados participen en la esperada Marcha del Orgullo 2025, un evento que busca promover la diversidad, la visibilidad y la defensa de los derechos de la comunidad, la cualndar\u00e1 inicio a partir de las 6:30 de la tarde.<\/p>\n<p>El punto de reuni\u00f3n ser\u00e1 el Monumento de los Ni\u00f1os H\u00e9roes para avanzar por el boulevard, entrar por avenida Ju\u00e1rez y terminar frente al Parque Reforma, con el prop\u00f3sito de dar alg\u00fan mensaje a todos los presentes.<\/p>\n<p>Se espera una gran participaci\u00f3n de integrantes de la comunidad y de la ciudadan\u00eda en general, quienes marchar\u00e1n unidos en un ambiente de celebraci\u00f3n y reivindicaci\u00f3n, puesto que la marcha es un espacio fundamental para visibilizar las demandas y los avances en la lucha por la igualdad y el respeto.<\/p>\n<p>Cabe destacar, que ante los fallecimientos de personas de la comunidad registrados en este a\u00f1o, una marcha muy diferente en memoria de sus amigos, recordandolos con mucho amor y respeto.<\/p>\n","protected":false},"excerpt":{"rendered":"<p>Ser\u00e1 este 21 de junio cuando integrantes de la comunidad LGBTTTIQ+, participen en la marcha por el orgullo, la diversidad,<\/p>\n","protected":false},"author":4,"featured_media":65304,"comment_status":"closed","ping_status":"closed","sticky":false,"template":"","format":"standard","meta":{"colormag_page_container_layout":"default_layout","colormag_page_sidebar_layout":"default_layout","_jetpack_memberships_contains_paid_content":false,"footnotes":"","jetpack_publicize_message":"","jetpack_publicize_feature_enabled":true,"jetpack_social_post_already_shared":false,"jetpack_social_options":{"image_generator_settings":{"template":"highway","default_image_id":0,"font":"","enabled":false},"version":2}},"categories":[1082],"tags":[],"class_list":["post-65303","post","type-post","status-publish","format-standard","has-post-thumbnail","hentry","category-tuxpan"],"jetpack_publicize_connections":[],"jetpack_featured_media_url":"https:\/\/i0.wp.com\/politicosaldesnudo.com.mx\/wp-content\/uploads\/2025\/06\/WhatsApp-Image-2025-06-19-at-11.52.45-2.jpg?fit=1080%2C810&ssl=1","jetpack-related-posts":[],"jetpack_sharing_enabled":true,"_links":{"self":[{"href":"https:\/\/politicosaldesnudo.com.mx\/index.php\/wp-json\/wp\/v2\/posts\/65303","targetHints":{"allow":["GET"]}}],"collection":[{"href":"https:\/\/politicosaldesnudo.com.mx\/index.php\/wp-json\/wp\/v2\/posts"}],"about":[{"href":"https:\/\/politicosaldesnudo.com.mx\/index.php\/wp-json\/wp\/v2\/types\/post"}],"author":[{"embeddable":true,"href":"https:\/\/politicosaldesnudo.com.mx\/index.php\/wp-json\/wp\/v2\/users\/4"}],"replies":[{"embeddable":true,"href":"https:\/\/politicosaldesnudo.com.mx\/index.php\/wp-json\/wp\/v2\/comments?post=65303"}],"version-history":[{"count":0,"href":"https:\/\/politicosaldesnudo.com.mx\/index.php\/wp-json\/wp\/v2\/posts\/65303\/revisions"}],"wp:featuredmedia":[{"embeddable":true,"href":"https:\/\/politicosaldesnudo.com.mx\/index.php\/wp-json\/wp\/v2\/media\/65304"}],"wp:attachment":[{"href":"https:\/\/politicosaldesnudo.com.mx\/index.php\/wp-json\/wp\/v2\/media?parent=65303"}],"wp:term":[{"taxonomy":"category","embeddable":true,"href":"https:\/\/politicosaldesnudo.com.mx\/index.php\/wp-json\/wp\/v2\/categories?post=65303"},{"taxonomy":"post_tag","embeddable":true,"href":"https:\/\/politicosaldesnudo.com.mx\/index.php\/wp-json\/wp\/v2\/tags?post=65303"}],"curies":[{"name":"wp","href":"https:\/\/api.w.org\/{rel}","templated":true}]}}