{"id":65315,"date":"2025-06-20T00:06:41","date_gmt":"2025-06-20T06:06:41","guid":{"rendered":"https:\/\/politicosaldesnudo.com.mx\/?p=65315"},"modified":"2025-06-19T22:12:52","modified_gmt":"2025-06-20T04:12:52","slug":"se-reunen-autoridades-de-segob-stps-e-imss-con-repartidores-por-aplicacion","status":"publish","type":"post","link":"https:\/\/politicosaldesnudo.com.mx\/index.php\/2025\/06\/20\/se-reunen-autoridades-de-segob-stps-e-imss-con-repartidores-por-aplicacion\/","title":{"rendered":"Se r\u00e9unen autoridades de Segob, STPS e IMSS con repartidores por aplicaci\u00f3n"},"content":{"rendered":"<p class=\"nota-justify\">Tras las protestas de ayer, un grupo de repartidores por aplicaci\u00f3n fue recibido por funcionarios de las secretar\u00edas de Gobernaci\u00f3n (SG) y del Trabajo y Previsi\u00f3n Social (STPS), as\u00ed como del Instituto Mexicano del Seguro Social (IMSS), reuni\u00f3n en la que hubo el compromiso de que queden aclaradas todas las dudas sobre la puesta en marcha de la reforma para garantizarles certeza laboral antes de que inicie el programa piloto, el primero de julio pr\u00f3ximo.<\/p>\n<p class=\"nota-justify\">Aunque los trabajadores hab\u00edan planteado la necesidad de que participaran en la mesa los representantes de las empresas, \u00e9stas no acudieron.<\/p>\n<p class=\"nota-justify\">Integrantes de Repartidores Unidos de M\u00e9xico se\u00f1alaron que el IMSS abrir\u00e1 un micrositio para que cada uno revise c\u00f3mo ser\u00e1 la modalidad del seguro, es decir \u201cqu\u00e9 pasa si est\u00e1s pagando tu seguro de manera independiente y ahora te vas a convertir en trabajador o qu\u00e9 pasa si tienes seguro facultativo\u201d o est\u00e1n en modalidad 40, que son aquellas personas que no cuentan con un patr\u00f3n pero contin\u00faan aportando recursos al instituto para mejorar su retiro.<\/p>\n<p class=\"nota-justify\">Sa\u00fal G\u00f3mez, vocero del grupo, se\u00f1al\u00f3 en entrevista que las autoridades tambi\u00e9n les reiteraron que con la reforma que entra en vigor el 22 de junio, \u201cno cambia nuestra carga fiscal, se queda el 8 por ciento de IVA y el 2.1 por ciento de ISR y se le va a llamar r\u00e9gimen con perspectiva social\u201d.<\/p>\n<p class=\"nota-justify\">Indic\u00f3 que el IMSS y la Secretar\u00eda del Trabajo se comprometen a que a partir del 25 de junioempezar\u00e1n a difundir informaci\u00f3n sobre las reglas de operaci\u00f3n del programa piloto.<\/p>\n<p class=\"nota-justify\">Desde el 10 de julio cualquier trabajador en plataformas, \u201cpuede hacer uso del IMSS y todos sus beneficios\u201d, entre ellos riesgo de trabajo, seguro de invalidez, enfermedad y maternidad, afirm\u00f3.<\/p>\n","protected":false},"excerpt":{"rendered":"<p>Tras las protestas de ayer, un grupo de repartidores por aplicaci\u00f3n fue recibido por funcionarios de las secretar\u00edas de Gobernaci\u00f3n<\/p>\n","protected":false},"author":4,"featured_media":65316,"comment_status":"closed","ping_status":"closed","sticky":false,"template":"","format":"standard","meta":{"colormag_page_container_layout":"default_layout","colormag_page_sidebar_layout":"default_layout","_jetpack_memberships_contains_paid_content":false,"footnotes":"","jetpack_publicize_message":"","jetpack_publicize_feature_enabled":true,"jetpack_social_post_already_shared":false,"jetpack_social_options":{"image_generator_settings":{"template":"highway","default_image_id":0,"font":"","enabled":false},"version":2}},"categories":[33],"tags":[],"class_list":["post-65315","post","type-post","status-publish","format-standard","has-post-thumbnail","hentry","category-nacional"],"jetpack_publicize_connections":[],"jetpack_featured_media_url":"https:\/\/i0.wp.com\/politicosaldesnudo.com.mx\/wp-content\/uploads\/2025\/06\/REPAR.jpg?fit=758%2C512&ssl=1","jetpack-related-posts":[],"jetpack_sharing_enabled":true,"_links":{"self":[{"href":"https:\/\/politicosaldesnudo.com.mx\/index.php\/wp-json\/wp\/v2\/posts\/65315","targetHints":{"allow":["GET"]}}],"collection":[{"href":"https:\/\/politicosaldesnudo.com.mx\/index.php\/wp-json\/wp\/v2\/posts"}],"about":[{"href":"https:\/\/politicosaldesnudo.com.mx\/index.php\/wp-json\/wp\/v2\/types\/post"}],"author":[{"embeddable":true,"href":"https:\/\/politicosaldesnudo.com.mx\/index.php\/wp-json\/wp\/v2\/users\/4"}],"replies":[{"embeddable":true,"href":"https:\/\/politicosaldesnudo.com.mx\/index.php\/wp-json\/wp\/v2\/comments?post=65315"}],"version-history":[{"count":0,"href":"https:\/\/politicosaldesnudo.com.mx\/index.php\/wp-json\/wp\/v2\/posts\/65315\/revisions"}],"wp:featuredmedia":[{"embeddable":true,"href":"https:\/\/politicosaldesnudo.com.mx\/index.php\/wp-json\/wp\/v2\/media\/65316"}],"wp:attachment":[{"href":"https:\/\/politicosaldesnudo.com.mx\/index.php\/wp-json\/wp\/v2\/media?parent=65315"}],"wp:term":[{"taxonomy":"category","embeddable":true,"href":"https:\/\/politicosaldesnudo.com.mx\/index.php\/wp-json\/wp\/v2\/categories?post=65315"},{"taxonomy":"post_tag","embeddable":true,"href":"https:\/\/politicosaldesnudo.com.mx\/index.php\/wp-json\/wp\/v2\/tags?post=65315"}],"curies":[{"name":"wp","href":"https:\/\/api.w.org\/{rel}","templated":true}]}}