{"id":65318,"date":"2025-06-20T00:07:25","date_gmt":"2025-06-20T06:07:25","guid":{"rendered":"https:\/\/politicosaldesnudo.com.mx\/?p=65318"},"modified":"2025-06-19T22:14:43","modified_gmt":"2025-06-20T04:14:43","slug":"recurrira-pan-a-recursos-legales-para-buscar-anulacion-de-eleccion-judicial","status":"publish","type":"post","link":"https:\/\/politicosaldesnudo.com.mx\/index.php\/2025\/06\/20\/recurrira-pan-a-recursos-legales-para-buscar-anulacion-de-eleccion-judicial\/","title":{"rendered":"Recurrir\u00e1 PAN a recursos legales para buscar anulaci\u00f3n de elecci\u00f3n judicial"},"content":{"rendered":"<p class=\"nota-justify\">Aunque la reforma judicial estableci\u00f3 que los partidos pol\u00edticos no pueden participar en los procesos de elecci\u00f3n de integrantes del Poder Judicial, el Partido Acci\u00f3n Nacional (PAN) sostuvo que encontr\u00f3 el camino legal para presentar recursos jur\u00eddicos en busca de anular la elecci\u00f3n judicial.<\/p>\n<p class=\"nota-justify\">Para ello, el blanquiazul recurrir\u00e1 a recursos legales con la figura de \u201ctercero interesado\u201d para aportar hechos y pruebas ante tribunales, lo que obligar\u00eda legalmente a escuchar sus denuncias, asever\u00f3 el ex legislador y uno de los representantes jur\u00eddicos del partido, Roberto Gil Zuarth. Anunci\u00f3 que los recursos los presentar\u00e1n en un plazo no mayor a 72 horas.<\/p>\n<p class=\"nota-justify\">\u201cEl C\u00f3digo Federal de Procedimientos Civiles reconoce en dos disposiciones, la 79 y 598, la posibilidad de que concurran terceros y tambi\u00e9n establece la obligaci\u00f3n de todos los juzgadores, sin excepci\u00f3n, a escuchar a esos terceros que levantan la mano, tocan la puerta o representan intereses que no est\u00e1n representados, se llama inter\u00e9s leg\u00edtimo\u201d, se\u00f1al\u00f3 el panista este jueves en conferencia de prensa en la sede nacional del partido.<\/p>\n<p class=\"nota-justify\">Detall\u00f3 que las impugnaciones se presentar\u00e1n ante el Tribunal Electoral del Poder Judicial de la Federaci\u00f3n y ante la Suprema Corte de Justicia de la Naci\u00f3n, en recursos por separado.<\/p>\n<p class=\"nota-justify\">M\u00e1s que una impugnaci\u00f3n rutinaria, se trata de una estrategia legal en esa v\u00eda, explic\u00f3 el vocero del Comit\u00e9 Ejecutivo Nacional (CEN) del PAN, Jorge Triana, quien apunt\u00f3 que el PAN tiene la intenci\u00f3n de agotar todas las v\u00edas legales para que, de no prosperar las impugnaciones, puedan acudir a instancias internacionales.<\/p>\n","protected":false},"excerpt":{"rendered":"<p>Aunque la reforma judicial estableci\u00f3 que los partidos pol\u00edticos no pueden participar en los procesos de elecci\u00f3n de integrantes del<\/p>\n","protected":false},"author":4,"featured_media":65319,"comment_status":"closed","ping_status":"closed","sticky":false,"template":"","format":"standard","meta":{"colormag_page_container_layout":"default_layout","colormag_page_sidebar_layout":"default_layout","_jetpack_memberships_contains_paid_content":false,"footnotes":"","jetpack_publicize_message":"","jetpack_publicize_feature_enabled":true,"jetpack_social_post_already_shared":false,"jetpack_social_options":{"image_generator_settings":{"template":"highway","default_image_id":0,"font":"","enabled":false},"version":2}},"categories":[33],"tags":[],"class_list":["post-65318","post","type-post","status-publish","format-standard","has-post-thumbnail","hentry","category-nacional"],"jetpack_publicize_connections":[],"jetpack_featured_media_url":"https:\/\/i0.wp.com\/politicosaldesnudo.com.mx\/wp-content\/uploads\/2025\/06\/SINQUE.jpg?fit=779%2C497&ssl=1","jetpack-related-posts":[],"jetpack_sharing_enabled":true,"_links":{"self":[{"href":"https:\/\/politicosaldesnudo.com.mx\/index.php\/wp-json\/wp\/v2\/posts\/65318","targetHints":{"allow":["GET"]}}],"collection":[{"href":"https:\/\/politicosaldesnudo.com.mx\/index.php\/wp-json\/wp\/v2\/posts"}],"about":[{"href":"https:\/\/politicosaldesnudo.com.mx\/index.php\/wp-json\/wp\/v2\/types\/post"}],"author":[{"embeddable":true,"href":"https:\/\/politicosaldesnudo.com.mx\/index.php\/wp-json\/wp\/v2\/users\/4"}],"replies":[{"embeddable":true,"href":"https:\/\/politicosaldesnudo.com.mx\/index.php\/wp-json\/wp\/v2\/comments?post=65318"}],"version-history":[{"count":0,"href":"https:\/\/politicosaldesnudo.com.mx\/index.php\/wp-json\/wp\/v2\/posts\/65318\/revisions"}],"wp:featuredmedia":[{"embeddable":true,"href":"https:\/\/politicosaldesnudo.com.mx\/index.php\/wp-json\/wp\/v2\/media\/65319"}],"wp:attachment":[{"href":"https:\/\/politicosaldesnudo.com.mx\/index.php\/wp-json\/wp\/v2\/media?parent=65318"}],"wp:term":[{"taxonomy":"category","embeddable":true,"href":"https:\/\/politicosaldesnudo.com.mx\/index.php\/wp-json\/wp\/v2\/categories?post=65318"},{"taxonomy":"post_tag","embeddable":true,"href":"https:\/\/politicosaldesnudo.com.mx\/index.php\/wp-json\/wp\/v2\/tags?post=65318"}],"curies":[{"name":"wp","href":"https:\/\/api.w.org\/{rel}","templated":true}]}}