{"id":65321,"date":"2025-06-20T00:08:28","date_gmt":"2025-06-20T06:08:28","guid":{"rendered":"https:\/\/politicosaldesnudo.com.mx\/?p=65321"},"modified":"2025-06-19T22:16:44","modified_gmt":"2025-06-20T04:16:44","slug":"llama-lenia-batres-a-vigilar-que-no-se-cometan-abusos-en-integracion-de-scjn","status":"publish","type":"post","link":"https:\/\/politicosaldesnudo.com.mx\/index.php\/2025\/06\/20\/llama-lenia-batres-a-vigilar-que-no-se-cometan-abusos-en-integracion-de-scjn\/","title":{"rendered":"Llama Lenia Batres a \u00abvigilar\u00bb que no se cometan abusos\u00bb en integraci\u00f3n de SCJN"},"content":{"rendered":"<p class=\"nota-justify\">En un acto p\u00fablico, la ministra Lenia Batres Guadarrama llam\u00f3 este jueves a la poblaci\u00f3n a \u201cvigilar\u201d que no se cometan \u201cabusos\u201d en los \u00faltimos dos meses de la actual integraci\u00f3n de la Suprema Corte de Justicia de la Naci\u00f3n (SCJN), pues afirm\u00f3 que los ministros salientes pretenden resolver en las pr\u00f3ximas semanas juicios fiscales por m\u00e1s de 47 mil 435 millones de pesos.<\/p>\n<p class=\"nota-justify\">El llamado de Batres desde el Centro Cultural Futurama, de la Ciudad de M\u00e9xico, se dio al iniciar su gira de agradecimiento por todo el pa\u00eds por el apoyo que recibi\u00f3 en las urnas y que a partir del 1 de septiembre de este a\u00f1o le permitir\u00e1 repetir en el cargo.<\/p>\n<p class=\"nota-justify\">\u201cVamos a cuidar mientras tanto estos dos meses que faltan para que salga la actual Corte, porque est\u00e1n sucediendo cosas que no deber\u00edan suceder. F\u00edjense que guardaron todos los temas fiscales para concentrarlos en estos d\u00edas, y van a estarse resolviendo, pero en las sesiones de las salas, en privado, sin que nadie se entere\u201d, se inform\u00f3 en un comunicado.<\/p>\n<p class=\"nota-justify\">Cabe se\u00f1alar que el pasado mi\u00e9rcoles, Batres Guadarrama impidi\u00f3 el qu\u00f3rum para continuar la sesi\u00f3n en la Segunda Sala de la SCJN, pues se ausent\u00f3 intencionalmente para frenar la discusi\u00f3n de un asunto que, afirma, favorecer\u00e1 a la empresa Movistar con una deducci\u00f3n fiscal de m\u00e1s de 4 mil 442 millones de pesos.<\/p>\n<p class=\"nota-justify\">Tambi\u00e9n, la Corte tiene pendiente resolver tres amparos directos en revisi\u00f3n promovidos por empresas de Salinas Pliego, en los que impugna cr\u00e9ditos fiscales que en conjunto suman 34 mil 799 millones 108 mil 782 pesos.<\/p>\n<p class=\"nota-justify\"><strong>Resoluciones<\/strong><\/p>\n<p class=\"nota-justify\">De acuerdo con la ministra Batres, el a\u00f1o pasado en la Primera y Segunda salas de la SCJN se resolvieron 31 casos fiscales a favor de empresas y particulares, que en conjunto implicaron m\u00e1s de 3 mil 21 millones de pesos.<\/p>\n<p class=\"nota-justify\">En contraste, en lo que va del a\u00f1o, las dos salas han resuelto tres juicios en los que se dio la raz\u00f3n a particulares por casi 16 millones de pesos, mientras que est\u00e1n pendientes de resolver 15 juicios fiscales en los que particulares reclaman m\u00e1s de 47 mil 435 millones de pesos del erario.<\/p>\n<p class=\"nota-justify\">Por ello, afirm\u00f3 que es necesario estar muy atentos en el tratamiento que se d\u00e9 a estos asuntos, para garantizar que no haya corrupci\u00f3n.<\/p>\n<p class=\"nota-justify\">\u201cQue si se da la raz\u00f3n a alg\u00fan particular es porque de verdad se equivoc\u00f3 la autoridad fiscal y no porque renunciemos a revisar el caso o porque de plano se pase por encima de la ley\u201d, se\u00f1al\u00f3 en un comunicado.<\/p>\n<p class=\"nota-justify\">La llamada \u201cministra del pueblo\u201d tambi\u00e9n reiter\u00f3 que solicitar\u00e1 a la presidencia de la SCJN que todos estos casos se resuelvan en el Pleno, para que p\u00fablicamente cada uno de los ministros exprese las razones de su voto.<\/p>\n<p class=\"nota-justify\">\u201cLa transparencia es un buen ant\u00eddoto para la corrupci\u00f3n\u201d, a\u00f1adi\u00f3.<\/p>\n<p class=\"nota-justify\">Reiter\u00f3 su compromiso de impulsar desde la SCJN el acceso a la justicia, el combate a la corrupci\u00f3n y la austeridad, as\u00ed como \u201cla parte m\u00e1s importante de la justicia, que son los derechos sociales, necesarios para que la gente satisfaga sus necesidades b\u00e1sicas: salud, trabajo, educaci\u00f3n, vivienda, alimentaci\u00f3n, medio ambiente sano, agua potable, cultura y ciencia\u201d.<\/p>\n","protected":false},"excerpt":{"rendered":"<p>En un acto p\u00fablico, la ministra Lenia Batres Guadarrama llam\u00f3 este jueves a la poblaci\u00f3n a \u201cvigilar\u201d que no se<\/p>\n","protected":false},"author":4,"featured_media":65322,"comment_status":"closed","ping_status":"closed","sticky":false,"template":"","format":"standard","meta":{"colormag_page_container_layout":"default_layout","colormag_page_sidebar_layout":"default_layout","_jetpack_memberships_contains_paid_content":false,"footnotes":"","jetpack_publicize_message":"","jetpack_publicize_feature_enabled":true,"jetpack_social_post_already_shared":false,"jetpack_social_options":{"image_generator_settings":{"template":"highway","default_image_id":0,"font":"","enabled":false},"version":2}},"categories":[33],"tags":[],"class_list":["post-65321","post","type-post","status-publish","format-standard","has-post-thumbnail","hentry","category-nacional"],"jetpack_publicize_connections":[],"jetpack_featured_media_url":"https:\/\/i0.wp.com\/politicosaldesnudo.com.mx\/wp-content\/uploads\/2025\/06\/LAMA.jpg?fit=767%2C509&ssl=1","jetpack-related-posts":[],"jetpack_sharing_enabled":true,"_links":{"self":[{"href":"https:\/\/politicosaldesnudo.com.mx\/index.php\/wp-json\/wp\/v2\/posts\/65321","targetHints":{"allow":["GET"]}}],"collection":[{"href":"https:\/\/politicosaldesnudo.com.mx\/index.php\/wp-json\/wp\/v2\/posts"}],"about":[{"href":"https:\/\/politicosaldesnudo.com.mx\/index.php\/wp-json\/wp\/v2\/types\/post"}],"author":[{"embeddable":true,"href":"https:\/\/politicosaldesnudo.com.mx\/index.php\/wp-json\/wp\/v2\/users\/4"}],"replies":[{"embeddable":true,"href":"https:\/\/politicosaldesnudo.com.mx\/index.php\/wp-json\/wp\/v2\/comments?post=65321"}],"version-history":[{"count":0,"href":"https:\/\/politicosaldesnudo.com.mx\/index.php\/wp-json\/wp\/v2\/posts\/65321\/revisions"}],"wp:featuredmedia":[{"embeddable":true,"href":"https:\/\/politicosaldesnudo.com.mx\/index.php\/wp-json\/wp\/v2\/media\/65322"}],"wp:attachment":[{"href":"https:\/\/politicosaldesnudo.com.mx\/index.php\/wp-json\/wp\/v2\/media?parent=65321"}],"wp:term":[{"taxonomy":"category","embeddable":true,"href":"https:\/\/politicosaldesnudo.com.mx\/index.php\/wp-json\/wp\/v2\/categories?post=65321"},{"taxonomy":"post_tag","embeddable":true,"href":"https:\/\/politicosaldesnudo.com.mx\/index.php\/wp-json\/wp\/v2\/tags?post=65321"}],"curies":[{"name":"wp","href":"https:\/\/api.w.org\/{rel}","templated":true}]}}