{"id":65327,"date":"2025-06-20T00:10:45","date_gmt":"2025-06-20T06:10:45","guid":{"rendered":"https:\/\/politicosaldesnudo.com.mx\/?p=65327"},"modified":"2025-06-19T22:23:56","modified_gmt":"2025-06-20T04:23:56","slug":"trump-pide-recorte-de-2-5-puntos-a-la-tasa-llama-destructivo-a-powell","status":"publish","type":"post","link":"https:\/\/politicosaldesnudo.com.mx\/index.php\/2025\/06\/20\/trump-pide-recorte-de-2-5-puntos-a-la-tasa-llama-destructivo-a-powell\/","title":{"rendered":"Trump pide recorte de 2.5 puntos a la tasa; llama destructivo a Powell"},"content":{"rendered":"<p class=\"nota-justify\">El presidente de Estados Unidos, Donald Trump, reiter\u00f3 el jueves sus llamamientos a la Reserva Federal (Fed) para que recorte las tasas de inter\u00e9s, afirmando que \u00e9stas deber\u00edan ser 2.5 puntos porcentuales m\u00e1s bajas.<\/p>\n<p class=\"nota-justify\">El mi\u00e9rcoles Trump afirm\u00f3 que el jefe de la Fed, Jerome Powell, era \u201cest\u00fapido\u201d y est\u00e1 \u201cpolitizado\u201d, horas antes de que el banco central diera a conocer su decisi\u00f3n de pol\u00edtica monetaria. Adem\u00e1s reflexion\u00f3 sobre la posibilidad de designarse a s\u00ed mismo para dirigir el banco central de Estados Unidos, bas\u00e1ndose en su insatisfacci\u00f3n con Powell.<\/p>\n<p class=\"nota-justify\">\u201cQuiz\u00e1s deber\u00eda ir a la Reserva Federal\u201d, dijo Trump. \u201c\u00bfPuedo autoproclamarme en la Reserva Federal? Har\u00eda un trabajo mucho mejor que esta gente\u201d.<\/p>\n<p class=\"nota-justify\">El jueves volvi\u00f3 a cargar contra Powell y en una publicaci\u00f3n en la red Truth Social escribi\u00f3: \u201cJerome Powell le est\u00e1 costando a nuestro pa\u00eds cientos de miles de millones de d\u00f3lares&#8230;. Deber\u00edamos estar 2.5 puntos m\u00e1s bajos\u201d.<\/p>\n<p class=\"nota-justify\">Apuntando que \u201ces sin duda una de las personas m\u00e1s ingenuas y destructivas del gobierno\u201d y que \u201cla Junta de la Reserva Federal es c\u00f3mplice\u201d.<\/p>\n<p class=\"nota-justify\">Adem\u00e1s, argument\u00f3, \u201cEuropa ha tenido 10 recortes, nosotros ninguno\u201d.<\/p>\n<p class=\"nota-justify\">La Fed mantuvo el mi\u00e9rcoles la tasa de referencia sin cambios en el rango de 4.25 a 4.5 por ciento.<\/p>\n<p class=\"nota-justify\">Seg\u00fan las proyecciones, ocho de los 19 responsables de pol\u00edtica monetaria de la Fed prev\u00e9n una baja de las tasas hasta 3.75-4 por ciento a finales de a\u00f1o, y dos de ellos consideran que ser\u00eda apropiado un nuevo recorte de un cuarto de punto.<\/p>\n","protected":false},"excerpt":{"rendered":"<p>El presidente de Estados Unidos, Donald Trump, reiter\u00f3 el jueves sus llamamientos a la Reserva Federal (Fed) para que recorte<\/p>\n","protected":false},"author":4,"featured_media":65328,"comment_status":"closed","ping_status":"closed","sticky":false,"template":"","format":"standard","meta":{"colormag_page_container_layout":"default_layout","colormag_page_sidebar_layout":"default_layout","_jetpack_memberships_contains_paid_content":false,"footnotes":"","jetpack_publicize_message":"","jetpack_publicize_feature_enabled":true,"jetpack_social_post_already_shared":false,"jetpack_social_options":{"image_generator_settings":{"template":"highway","default_image_id":0,"font":"","enabled":false},"version":2}},"categories":[2050],"tags":[],"class_list":["post-65327","post","type-post","status-publish","format-standard","has-post-thumbnail","hentry","category-economia"],"jetpack_publicize_connections":[],"jetpack_featured_media_url":"https:\/\/i0.wp.com\/politicosaldesnudo.com.mx\/wp-content\/uploads\/2025\/06\/POW.jpg?fit=751%2C505&ssl=1","jetpack-related-posts":[],"jetpack_sharing_enabled":true,"_links":{"self":[{"href":"https:\/\/politicosaldesnudo.com.mx\/index.php\/wp-json\/wp\/v2\/posts\/65327","targetHints":{"allow":["GET"]}}],"collection":[{"href":"https:\/\/politicosaldesnudo.com.mx\/index.php\/wp-json\/wp\/v2\/posts"}],"about":[{"href":"https:\/\/politicosaldesnudo.com.mx\/index.php\/wp-json\/wp\/v2\/types\/post"}],"author":[{"embeddable":true,"href":"https:\/\/politicosaldesnudo.com.mx\/index.php\/wp-json\/wp\/v2\/users\/4"}],"replies":[{"embeddable":true,"href":"https:\/\/politicosaldesnudo.com.mx\/index.php\/wp-json\/wp\/v2\/comments?post=65327"}],"version-history":[{"count":0,"href":"https:\/\/politicosaldesnudo.com.mx\/index.php\/wp-json\/wp\/v2\/posts\/65327\/revisions"}],"wp:featuredmedia":[{"embeddable":true,"href":"https:\/\/politicosaldesnudo.com.mx\/index.php\/wp-json\/wp\/v2\/media\/65328"}],"wp:attachment":[{"href":"https:\/\/politicosaldesnudo.com.mx\/index.php\/wp-json\/wp\/v2\/media?parent=65327"}],"wp:term":[{"taxonomy":"category","embeddable":true,"href":"https:\/\/politicosaldesnudo.com.mx\/index.php\/wp-json\/wp\/v2\/categories?post=65327"},{"taxonomy":"post_tag","embeddable":true,"href":"https:\/\/politicosaldesnudo.com.mx\/index.php\/wp-json\/wp\/v2\/tags?post=65327"}],"curies":[{"name":"wp","href":"https:\/\/api.w.org\/{rel}","templated":true}]}}