{"id":65333,"date":"2025-06-20T00:12:13","date_gmt":"2025-06-20T06:12:13","guid":{"rendered":"https:\/\/politicosaldesnudo.com.mx\/?p=65333"},"modified":"2025-06-19T22:27:25","modified_gmt":"2025-06-20T04:27:25","slug":"elektra-debe-pagar-2-mil-mdp-por-omision-fiscal-tras-fallo-de-tribunal","status":"publish","type":"post","link":"https:\/\/politicosaldesnudo.com.mx\/index.php\/2025\/06\/20\/elektra-debe-pagar-2-mil-mdp-por-omision-fiscal-tras-fallo-de-tribunal\/","title":{"rendered":"Elektra debe pagar 2 mil mdp por omisi\u00f3n fiscal tras fallo de tribunal"},"content":{"rendered":"<p class=\"nota-justify\">Grupo Elektra deber\u00e1 pagar alrededor de 2 mil millones de pesos por impuestos que arrastra desde 2012, luego de que un tribunal en materia administrativa fallara por unanimidad en contra de la empresa de Ricardo Salinas Pliego.<\/p>\n<p class=\"nota-justify\">El D\u00e9cimo Tribunal Colegiado en Materia Administrativa del Primer Circuito, conformado por tres magistrados, determin\u00f3 que Grupo Elektra deber\u00e1 pagar por la omisi\u00f3n de impuesto sobre la renta (ISR) correspondiente al ejercicio 2012, aunque este fallo a\u00fan se puede apelar en la Suprema Corte de Justicia de la Naci\u00f3n (SCJN), cuyo pleno en septiembre estar\u00e1 conformado por los magistrados que resultaron de la elecci\u00f3n del Poder\u00a0Judicial.<\/p>\n<p class=\"nota-justify\">El fallo llega luego de un litigio que se manten\u00eda desde hace 5 a\u00f1os por parte de Grupo Elektra, empresa que es conocida por una serie de procedimientos impuestos ante el Poder Judicial para no entregar las contribuciones al Servicio de Administraci\u00f3n Tributaria (SAT).<\/p>\n<p class=\"nota-justify\">Previo a la sesi\u00f3n de este jueves en que se resolvi\u00f3 el asunto, el equipo legal de la empresa intent\u00f3 intervenir para que no se resolviera, dado que, argument\u00f3, los juzgadores no eran imparciales para desahogarlo.<\/p>\n<p class=\"nota-justify\">Si bien el litigio fue resuelto en segunda instancia, Grupo Elektra a\u00fan puede llevarlo a la SCJN, como ha pasado con otros casos de la empresas de Salinas Pliego, para intentar echar atr\u00e1s esta resoluci\u00f3n.<\/p>\n<p class=\"nota-justify\">Grupo Elektra inici\u00f3 este 2025 con ocho litigios en materia fiscal por un valor que de inicio alcanza los 29 mil 805 millones 411 mil 422 pesos. Esta cifra no contempla las actualizaciones de los adeudos ni sanciones.<\/p>\n<p class=\"nota-justify\">En particular, ese cr\u00e9dito por el que ahora el Grupo Elektra deber\u00e1 pagar casi 2 mil millones de pesos, en un inicio, cuando el SAT lo determin\u00f3 alcanzaba los mil 603 millones 813 mil 882 pesos, pero en los cinco a\u00f1os que tom\u00f3 el litigio, ha aumento por actualizaciones y recargos.<\/p>\n<p class=\"nota-justify\">De acuerdo con Elektra, ninguno de los litigios en los que est\u00e1 envuelta \u2013m\u00e1s all\u00e1 de los fiscales\u2013 \u00a0\u201ctendr\u00e1 alg\u00fan efecto adverso significativo en sus negocios o situaci\u00f3n financiera\u201d. Las p\u00e9rdidas de la empresa el a\u00f1o pasado alcanzaron 11 mil 153 millones de pesos, casi un tercio de lo que el SAT le reclama en pagos de impuestos. Esto sin actualizaciones ni recargos.<\/p>\n","protected":false},"excerpt":{"rendered":"<p>Grupo Elektra deber\u00e1 pagar alrededor de 2 mil millones de pesos por impuestos que arrastra desde 2012, luego de que<\/p>\n","protected":false},"author":4,"featured_media":65334,"comment_status":"closed","ping_status":"closed","sticky":false,"template":"","format":"standard","meta":{"colormag_page_container_layout":"default_layout","colormag_page_sidebar_layout":"default_layout","_jetpack_memberships_contains_paid_content":false,"footnotes":"","jetpack_publicize_message":"","jetpack_publicize_feature_enabled":true,"jetpack_social_post_already_shared":false,"jetpack_social_options":{"image_generator_settings":{"template":"highway","default_image_id":0,"font":"","enabled":false},"version":2}},"categories":[2050],"tags":[],"class_list":["post-65333","post","type-post","status-publish","format-standard","has-post-thumbnail","hentry","category-economia"],"jetpack_publicize_connections":[],"jetpack_featured_media_url":"https:\/\/i0.wp.com\/politicosaldesnudo.com.mx\/wp-content\/uploads\/2025\/06\/elektra.jpg?fit=2000%2C1350&ssl=1","jetpack-related-posts":[],"jetpack_sharing_enabled":true,"_links":{"self":[{"href":"https:\/\/politicosaldesnudo.com.mx\/index.php\/wp-json\/wp\/v2\/posts\/65333","targetHints":{"allow":["GET"]}}],"collection":[{"href":"https:\/\/politicosaldesnudo.com.mx\/index.php\/wp-json\/wp\/v2\/posts"}],"about":[{"href":"https:\/\/politicosaldesnudo.com.mx\/index.php\/wp-json\/wp\/v2\/types\/post"}],"author":[{"embeddable":true,"href":"https:\/\/politicosaldesnudo.com.mx\/index.php\/wp-json\/wp\/v2\/users\/4"}],"replies":[{"embeddable":true,"href":"https:\/\/politicosaldesnudo.com.mx\/index.php\/wp-json\/wp\/v2\/comments?post=65333"}],"version-history":[{"count":0,"href":"https:\/\/politicosaldesnudo.com.mx\/index.php\/wp-json\/wp\/v2\/posts\/65333\/revisions"}],"wp:featuredmedia":[{"embeddable":true,"href":"https:\/\/politicosaldesnudo.com.mx\/index.php\/wp-json\/wp\/v2\/media\/65334"}],"wp:attachment":[{"href":"https:\/\/politicosaldesnudo.com.mx\/index.php\/wp-json\/wp\/v2\/media?parent=65333"}],"wp:term":[{"taxonomy":"category","embeddable":true,"href":"https:\/\/politicosaldesnudo.com.mx\/index.php\/wp-json\/wp\/v2\/categories?post=65333"},{"taxonomy":"post_tag","embeddable":true,"href":"https:\/\/politicosaldesnudo.com.mx\/index.php\/wp-json\/wp\/v2\/tags?post=65333"}],"curies":[{"name":"wp","href":"https:\/\/api.w.org\/{rel}","templated":true}]}}