{"id":65348,"date":"2025-06-20T00:17:25","date_gmt":"2025-06-20T06:17:25","guid":{"rendered":"https:\/\/politicosaldesnudo.com.mx\/?p=65348"},"modified":"2025-06-19T22:37:51","modified_gmt":"2025-06-20T04:37:51","slug":"tribunal-mantiene-control-de-trump-sobre-guardia-nacional-desplegada-en-la","status":"publish","type":"post","link":"https:\/\/politicosaldesnudo.com.mx\/index.php\/2025\/06\/20\/tribunal-mantiene-control-de-trump-sobre-guardia-nacional-desplegada-en-la\/","title":{"rendered":"Tribunal mantiene control de Trump sobre Guardia Nacional desplegada en LA"},"content":{"rendered":"<p class=\"nota-justify\">Un tribunal de apelaciones le permiti\u00f3 el jueves al presidente estadunidense Donald Trump mantener el control de los efectivos de la Guardia Nacional que despleg\u00f3 en Los \u00c1ngeles tras las protestas por las redadas de inmigraci\u00f3n.<\/p>\n<p class=\"nota-justify\">La decisi\u00f3n detiene un fallo de un juez de un tribunal inferior, que determin\u00f3 que Trump actu\u00f3 ilegalmente cuando activ\u00f3 a los soldados a pesar de la oposici\u00f3n del gobernador de California, Gavin Newsom.<\/p>\n<p class=\"nota-justify\">Fue el primer despliegue de una Guardia Nacional estatal por parte de un presidente de Estados Unidos sin el permiso del gobernador desde 1965.<\/p>\n<p class=\"nota-justify\">El caso judicial podr\u00eda tener implicaciones m\u00e1s amplias sobre el poder del presidente para desplegar soldados dentro del pa\u00eds, luego de que Trump les ordenara a los funcionarios de inmigraci\u00f3n darle prioridad a las deportaciones de otras ciudades gobernadas por dem\u00f3cratas.<\/p>\n<p class=\"nota-justify\">El republicano argument\u00f3 que los soldados eran necesarios para restablecer el orden. Newsom, de filiaci\u00f3n dem\u00f3crata, indic\u00f3 que la medida exacerb\u00f3 las tensiones, usurp\u00f3 la autoridad local y desperdici\u00f3 recursos. Las protestas parecen haber disminuido desde entonces.<\/p>\n<p class=\"nota-justify\">El fallo proviene de un panel de tres jueces de la Corte Federal de Apelaciones del Noveno Circuito, dos de los cuales fueron nombrados por Trump durante su primer mandato. Durante la presentaci\u00f3n de argumentos orales el martes, los tres jueces plantearon que los presidentes tienen un amplio margen de maniobra bajo la ley federal en cuesti\u00f3n, y que los tribunales deber\u00edan ser reacios a intervenir.<\/p>\n","protected":false},"excerpt":{"rendered":"<p>Un tribunal de apelaciones le permiti\u00f3 el jueves al presidente estadunidense Donald Trump mantener el control de los efectivos de<\/p>\n","protected":false},"author":4,"featured_media":65349,"comment_status":"closed","ping_status":"closed","sticky":false,"template":"","format":"standard","meta":{"colormag_page_container_layout":"default_layout","colormag_page_sidebar_layout":"default_layout","_jetpack_memberships_contains_paid_content":false,"footnotes":"","jetpack_publicize_message":"","jetpack_publicize_feature_enabled":true,"jetpack_social_post_already_shared":false,"jetpack_social_options":{"image_generator_settings":{"template":"highway","default_image_id":0,"font":"","enabled":false},"version":2}},"categories":[28],"tags":[],"class_list":["post-65348","post","type-post","status-publish","format-standard","has-post-thumbnail","hentry","category-internacional"],"jetpack_publicize_connections":[],"jetpack_featured_media_url":"https:\/\/i0.wp.com\/politicosaldesnudo.com.mx\/wp-content\/uploads\/2025\/06\/GNAC.jpg?fit=756%2C500&ssl=1","jetpack-related-posts":[],"jetpack_sharing_enabled":true,"_links":{"self":[{"href":"https:\/\/politicosaldesnudo.com.mx\/index.php\/wp-json\/wp\/v2\/posts\/65348","targetHints":{"allow":["GET"]}}],"collection":[{"href":"https:\/\/politicosaldesnudo.com.mx\/index.php\/wp-json\/wp\/v2\/posts"}],"about":[{"href":"https:\/\/politicosaldesnudo.com.mx\/index.php\/wp-json\/wp\/v2\/types\/post"}],"author":[{"embeddable":true,"href":"https:\/\/politicosaldesnudo.com.mx\/index.php\/wp-json\/wp\/v2\/users\/4"}],"replies":[{"embeddable":true,"href":"https:\/\/politicosaldesnudo.com.mx\/index.php\/wp-json\/wp\/v2\/comments?post=65348"}],"version-history":[{"count":0,"href":"https:\/\/politicosaldesnudo.com.mx\/index.php\/wp-json\/wp\/v2\/posts\/65348\/revisions"}],"wp:featuredmedia":[{"embeddable":true,"href":"https:\/\/politicosaldesnudo.com.mx\/index.php\/wp-json\/wp\/v2\/media\/65349"}],"wp:attachment":[{"href":"https:\/\/politicosaldesnudo.com.mx\/index.php\/wp-json\/wp\/v2\/media?parent=65348"}],"wp:term":[{"taxonomy":"category","embeddable":true,"href":"https:\/\/politicosaldesnudo.com.mx\/index.php\/wp-json\/wp\/v2\/categories?post=65348"},{"taxonomy":"post_tag","embeddable":true,"href":"https:\/\/politicosaldesnudo.com.mx\/index.php\/wp-json\/wp\/v2\/tags?post=65348"}],"curies":[{"name":"wp","href":"https:\/\/api.w.org\/{rel}","templated":true}]}}