{"id":65507,"date":"2025-06-23T20:40:53","date_gmt":"2025-06-24T02:40:53","guid":{"rendered":"https:\/\/politicosaldesnudo.com.mx\/?p=65507"},"modified":"2025-06-23T20:40:53","modified_gmt":"2025-06-24T02:40:53","slug":"alcalde-de-tuxpan-realizo-un-recorrido-con-pc-para-atender-afectaciones-menores-provocados-por-las-lluvias","status":"publish","type":"post","link":"https:\/\/politicosaldesnudo.com.mx\/index.php\/2025\/06\/23\/alcalde-de-tuxpan-realizo-un-recorrido-con-pc-para-atender-afectaciones-menores-provocados-por-las-lluvias\/","title":{"rendered":"Alcalde de Tuxpan realiz\u00f3 un recorrido con PC, para atender afectaciones menores provocados por las lluvias"},"content":{"rendered":"<p>Tuxpan, Ver., 23 de junio de 2025. &#8211; El presidente municipal, Dr. Jes\u00fas Fomperoza Torres y el director de Protecci\u00f3n Civil, Ren\u00e9 T\u00e9llez Medina, a temprana hora monitorearon el nivel del r\u00edo Tuxpan, el cual hasta el momento no representa un riesgo.<\/p>\n<p><img data-recalc-dims=\"1\" loading=\"lazy\" decoding=\"async\" class=\"aligncenter size-large wp-image-65509\" src=\"https:\/\/i0.wp.com\/politicosaldesnudo.com.mx\/wp-content\/uploads\/2025\/06\/WhatsApp-Image-2025-06-23-at-12.18.44-1-1024x720.jpeg?resize=800%2C563&#038;ssl=1\" alt=\"\" width=\"800\" height=\"563\" srcset=\"https:\/\/i0.wp.com\/politicosaldesnudo.com.mx\/wp-content\/uploads\/2025\/06\/WhatsApp-Image-2025-06-23-at-12.18.44-1.jpeg?resize=1024%2C720&amp;ssl=1 1024w, https:\/\/i0.wp.com\/politicosaldesnudo.com.mx\/wp-content\/uploads\/2025\/06\/WhatsApp-Image-2025-06-23-at-12.18.44-1.jpeg?resize=300%2C211&amp;ssl=1 300w, https:\/\/i0.wp.com\/politicosaldesnudo.com.mx\/wp-content\/uploads\/2025\/06\/WhatsApp-Image-2025-06-23-at-12.18.44-1.jpeg?resize=768%2C540&amp;ssl=1 768w, https:\/\/i0.wp.com\/politicosaldesnudo.com.mx\/wp-content\/uploads\/2025\/06\/WhatsApp-Image-2025-06-23-at-12.18.44-1.jpeg?resize=1536%2C1080&amp;ssl=1 1536w, https:\/\/i0.wp.com\/politicosaldesnudo.com.mx\/wp-content\/uploads\/2025\/06\/WhatsApp-Image-2025-06-23-at-12.18.44-1.jpeg?resize=130%2C90&amp;ssl=1 130w, https:\/\/i0.wp.com\/politicosaldesnudo.com.mx\/wp-content\/uploads\/2025\/06\/WhatsApp-Image-2025-06-23-at-12.18.44-1.jpeg?w=1600&amp;ssl=1 1600w\" sizes=\"auto, (max-width: 800px) 100vw, 800px\" \/> <img data-recalc-dims=\"1\" loading=\"lazy\" decoding=\"async\" class=\"aligncenter size-large wp-image-65510\" src=\"https:\/\/i0.wp.com\/politicosaldesnudo.com.mx\/wp-content\/uploads\/2025\/06\/WhatsApp-Image-2025-06-23-at-12.18.44-2-1024x749.jpeg?resize=800%2C585&#038;ssl=1\" alt=\"\" width=\"800\" height=\"585\" srcset=\"https:\/\/i0.wp.com\/politicosaldesnudo.com.mx\/wp-content\/uploads\/2025\/06\/WhatsApp-Image-2025-06-23-at-12.18.44-2.jpeg?resize=1024%2C749&amp;ssl=1 1024w, https:\/\/i0.wp.com\/politicosaldesnudo.com.mx\/wp-content\/uploads\/2025\/06\/WhatsApp-Image-2025-06-23-at-12.18.44-2.jpeg?resize=300%2C220&amp;ssl=1 300w, https:\/\/i0.wp.com\/politicosaldesnudo.com.mx\/wp-content\/uploads\/2025\/06\/WhatsApp-Image-2025-06-23-at-12.18.44-2.jpeg?resize=768%2C562&amp;ssl=1 768w, https:\/\/i0.wp.com\/politicosaldesnudo.com.mx\/wp-content\/uploads\/2025\/06\/WhatsApp-Image-2025-06-23-at-12.18.44-2.jpeg?resize=1536%2C1124&amp;ssl=1 1536w, https:\/\/i0.wp.com\/politicosaldesnudo.com.mx\/wp-content\/uploads\/2025\/06\/WhatsApp-Image-2025-06-23-at-12.18.44-2.jpeg?w=1600&amp;ssl=1 1600w\" sizes=\"auto, (max-width: 800px) 100vw, 800px\" \/><\/p>\n<p>Posteriormente, el alcalde tambi\u00e9n supervis\u00f3 los trabajos que realizan Protecci\u00f3n Civil y Bomberos para atender algunas afectaciones menores provocadas por las lluvias ocurridas en la madrugada.<\/p>\n<p><img data-recalc-dims=\"1\" loading=\"lazy\" decoding=\"async\" class=\"aligncenter size-large wp-image-65511\" src=\"https:\/\/i0.wp.com\/politicosaldesnudo.com.mx\/wp-content\/uploads\/2025\/06\/WhatsApp-Image-2025-06-23-at-12.18.44-1024x793.jpeg?resize=800%2C620&#038;ssl=1\" alt=\"\" width=\"800\" height=\"620\" srcset=\"https:\/\/i0.wp.com\/politicosaldesnudo.com.mx\/wp-content\/uploads\/2025\/06\/WhatsApp-Image-2025-06-23-at-12.18.44.jpeg?resize=1024%2C793&amp;ssl=1 1024w, https:\/\/i0.wp.com\/politicosaldesnudo.com.mx\/wp-content\/uploads\/2025\/06\/WhatsApp-Image-2025-06-23-at-12.18.44.jpeg?resize=300%2C232&amp;ssl=1 300w, https:\/\/i0.wp.com\/politicosaldesnudo.com.mx\/wp-content\/uploads\/2025\/06\/WhatsApp-Image-2025-06-23-at-12.18.44.jpeg?resize=768%2C595&amp;ssl=1 768w, https:\/\/i0.wp.com\/politicosaldesnudo.com.mx\/wp-content\/uploads\/2025\/06\/WhatsApp-Image-2025-06-23-at-12.18.44.jpeg?resize=1536%2C1189&amp;ssl=1 1536w, https:\/\/i0.wp.com\/politicosaldesnudo.com.mx\/wp-content\/uploads\/2025\/06\/WhatsApp-Image-2025-06-23-at-12.18.44.jpeg?w=1600&amp;ssl=1 1600w\" sizes=\"auto, (max-width: 800px) 100vw, 800px\" \/><\/p>\n<p>En el bulevar Maples Arce se retir\u00f3 un enorme \u00e1rbol de ficus que fue derribado por los fuertes vientos y que obstru\u00eda el paso peatonal y parte del arroyo de circulaci\u00f3n.<\/p>\n<p><img data-recalc-dims=\"1\" loading=\"lazy\" decoding=\"async\" class=\"aligncenter size-large wp-image-65512\" src=\"https:\/\/i0.wp.com\/politicosaldesnudo.com.mx\/wp-content\/uploads\/2025\/06\/WhatsApp-Image-2025-06-23-at-12.18.45-1024x771.jpeg?resize=800%2C602&#038;ssl=1\" alt=\"\" width=\"800\" height=\"602\" srcset=\"https:\/\/i0.wp.com\/politicosaldesnudo.com.mx\/wp-content\/uploads\/2025\/06\/WhatsApp-Image-2025-06-23-at-12.18.45.jpeg?resize=1024%2C771&amp;ssl=1 1024w, https:\/\/i0.wp.com\/politicosaldesnudo.com.mx\/wp-content\/uploads\/2025\/06\/WhatsApp-Image-2025-06-23-at-12.18.45.jpeg?resize=300%2C226&amp;ssl=1 300w, https:\/\/i0.wp.com\/politicosaldesnudo.com.mx\/wp-content\/uploads\/2025\/06\/WhatsApp-Image-2025-06-23-at-12.18.45.jpeg?resize=768%2C578&amp;ssl=1 768w, https:\/\/i0.wp.com\/politicosaldesnudo.com.mx\/wp-content\/uploads\/2025\/06\/WhatsApp-Image-2025-06-23-at-12.18.45.jpeg?resize=1536%2C1156&amp;ssl=1 1536w, https:\/\/i0.wp.com\/politicosaldesnudo.com.mx\/wp-content\/uploads\/2025\/06\/WhatsApp-Image-2025-06-23-at-12.18.45.jpeg?w=1600&amp;ssl=1 1600w\" sizes=\"auto, (max-width: 800px) 100vw, 800px\" \/><\/p>\n<p>En la calle Miguel Negrete tambi\u00e9n se atendi\u00f3 la ca\u00edda de un \u00e1rbol sobre la calle y otro m\u00e1s en la colonia Jardines.<\/p>\n<p>El alcalde hizo un llamado a la ciudadan\u00eda para que permanezcan atentos, porque las lluvias habr\u00e1n de continuar.<\/p>\n","protected":false},"excerpt":{"rendered":"<p>Tuxpan, Ver., 23 de junio de 2025. &#8211; El presidente municipal, Dr. Jes\u00fas Fomperoza Torres y el director de Protecci\u00f3n<\/p>\n","protected":false},"author":4,"featured_media":65508,"comment_status":"closed","ping_status":"closed","sticky":false,"template":"","format":"standard","meta":{"colormag_page_container_layout":"default_layout","colormag_page_sidebar_layout":"default_layout","_jetpack_memberships_contains_paid_content":false,"footnotes":"","jetpack_publicize_message":"","jetpack_publicize_feature_enabled":true,"jetpack_social_post_already_shared":false,"jetpack_social_options":{"image_generator_settings":{"template":"highway","default_image_id":0,"font":"","enabled":false},"version":2}},"categories":[3205,1082],"tags":[],"class_list":["post-65507","post","type-post","status-publish","format-standard","has-post-thumbnail","hentry","category-gobierno-tuxpan","category-tuxpan"],"jetpack_publicize_connections":[],"jetpack_featured_media_url":"https:\/\/i0.wp.com\/politicosaldesnudo.com.mx\/wp-content\/uploads\/2025\/06\/WhatsApp-Image-2025-06-23-at-12.18.43.jpeg?fit=1600%2C1149&ssl=1","jetpack-related-posts":[],"jetpack_sharing_enabled":true,"_links":{"self":[{"href":"https:\/\/politicosaldesnudo.com.mx\/index.php\/wp-json\/wp\/v2\/posts\/65507","targetHints":{"allow":["GET"]}}],"collection":[{"href":"https:\/\/politicosaldesnudo.com.mx\/index.php\/wp-json\/wp\/v2\/posts"}],"about":[{"href":"https:\/\/politicosaldesnudo.com.mx\/index.php\/wp-json\/wp\/v2\/types\/post"}],"author":[{"embeddable":true,"href":"https:\/\/politicosaldesnudo.com.mx\/index.php\/wp-json\/wp\/v2\/users\/4"}],"replies":[{"embeddable":true,"href":"https:\/\/politicosaldesnudo.com.mx\/index.php\/wp-json\/wp\/v2\/comments?post=65507"}],"version-history":[{"count":0,"href":"https:\/\/politicosaldesnudo.com.mx\/index.php\/wp-json\/wp\/v2\/posts\/65507\/revisions"}],"wp:featuredmedia":[{"embeddable":true,"href":"https:\/\/politicosaldesnudo.com.mx\/index.php\/wp-json\/wp\/v2\/media\/65508"}],"wp:attachment":[{"href":"https:\/\/politicosaldesnudo.com.mx\/index.php\/wp-json\/wp\/v2\/media?parent=65507"}],"wp:term":[{"taxonomy":"category","embeddable":true,"href":"https:\/\/politicosaldesnudo.com.mx\/index.php\/wp-json\/wp\/v2\/categories?post=65507"},{"taxonomy":"post_tag","embeddable":true,"href":"https:\/\/politicosaldesnudo.com.mx\/index.php\/wp-json\/wp\/v2\/tags?post=65507"}],"curies":[{"name":"wp","href":"https:\/\/api.w.org\/{rel}","templated":true}]}}