{"id":65534,"date":"2025-06-24T00:05:49","date_gmt":"2025-06-24T06:05:49","guid":{"rendered":"https:\/\/politicosaldesnudo.com.mx\/?p=65534"},"modified":"2025-06-23T21:04:11","modified_gmt":"2025-06-24T03:04:11","slug":"diputados-aprueban-reforma-que-desaparece-al-coneval","status":"publish","type":"post","link":"https:\/\/politicosaldesnudo.com.mx\/index.php\/2025\/06\/24\/diputados-aprueban-reforma-que-desaparece-al-coneval\/","title":{"rendered":"Diputados aprueban reforma que desaparece al Coneval"},"content":{"rendered":"<p class=\"nota-justify\">La C\u00e1mara de Diputados abri\u00f3 el periodo extraordinario de sesiones con la aprobaci\u00f3n de la reforma que desaparece al Consejo Nacional de Evaluaci\u00f3n de la Pol\u00edtica de Desarrollo Social (Coneval), cuyas funciones ser\u00e1n transferidas al Instituto Nacional de Estad\u00edstica, Geograf\u00eda e Inform\u00e1tica (INEGI).<\/p>\n<p class=\"nota-justify\">El dictamen aprobado en lo general por 353 votos a favor de Morena, PT y PVEM, y 126 en contra del PAN, PRI, y Movimiento Ciudadano, contempla cambios a las leyes de Desarrollo Social, Federal de Presupuesto y Responsabilidad Hacendaria, y General de Contabilidad Gubernamental.<\/p>\n<p class=\"nota-justify\">Entre ellos sobresale una adici\u00f3n al art\u00edculo cuarto de la Ley General de Desarrollo Social para establecer que \u201cla medici\u00f3n de la pobreza y la evaluaci\u00f3n integral de la Pol\u00edtica de Desarrollo Social, as\u00ed como la emisi\u00f3n de las recomendaciones corresponde al INEGI de conformidad con el p\u00e1rrafo tercero del aparatado B del Articulo 26 de la Constituci\u00f3n\u201d.<\/p>\n<p class=\"nota-justify\">Al defender la modificaci\u00f3n legislativa que reglamenta la reforma constitucional avalada en diciembre pasado, diputados del bloque mayoritario argumentaron que se acaba con la duplicidad de funciones y se cumple con el principio de austeridad, mientras la oposici\u00f3n lo calific\u00f3 como un retroceso que pone en riesgo los mecanismos de evaluaci\u00f3n de la pol\u00edtica social.<\/p>\n<p class=\"nota-justify\">Durante la presentaci\u00f3n del dictamen, la morenista Merilyn G\u00f3mez Pozos, presidenta de la Comisi\u00f3n de Presupuesto, expuso que esta iniciativa no camina sola. \u201cEst\u00e1 enlazada a reformas constitucionales y legales que buscan simplificar tr\u00e1mites, digitalizar servicios, reducir costos y crear entornos m\u00e1s atractivos para el capital y la creaci\u00f3n de empleos\u201d.<\/p>\n<p class=\"nota-justify\">Subray\u00f3 que \u201cla evaluaci\u00f3n en este nuevo dise\u00f1o no desaparece, se ampl\u00eda y se democratiza; no se a\u00edsla, se articula; no se debilita, se vuelve m\u00e1s \u00fatil, m\u00e1s pr\u00e1ctica y m\u00e1s cercana, porque medir sin transformar es simulaci\u00f3n. Y en este gobierno, evaluar sirve para corregir, y corregir sirve para servir\u201d.<\/p>\n<p class=\"nota-justify\">Por el PAN, H\u00e9ctor Sa\u00fal T\u00e9llez calific\u00f3 la reforma como un retroceso en la medici\u00f3n de la pol\u00edtica social del gobierno.\u201dHoy se consolida la extinci\u00f3n del Coneval y con esto perdemos una instituci\u00f3n garante de la evaluaci\u00f3n\u2026 y de las metodolog\u00edas para saber c\u00f3mo crece o decrece la pobreza en nuestro pa\u00eds\u201d.<\/p>\n<p class=\"nota-justify\">Para el panista, la desaparici\u00f3n del consejo se debe a que \u201cse\u00f1al\u00f3 los errores\u201d de los programas insignia del actual r\u00e9gimen, como el de Sembrando Vida y las becas para los adultos mayores adem\u00e1s de dar a conocer que de 2018 a 2020, creci\u00f3 la pobreza.<\/p>\n<p class=\"nota-justify\">Insisti\u00f3 en que al gobierno federal no le gustan los contrapesos ni los \u00f3rganos aut\u00f3nomos y critic\u00f3 a los legisladores morenistas por \u201csu incongruencia\u201d, pues varios de ellos votaron en 2014 por la autonom\u00eda del Coneval. Entre ellos, enlist\u00f3 a Dolores Padierna y Ad\u00e1n Augusto L\u00f3pez, actual coordinador de los senadores guindas.<\/p>\n<p class=\"nota-justify\">Del Partido del Trabajo, Amadeo Espinoza respondi\u00f3 que este es un dictamen que refrenda el compromiso con la racionalidad del gasto p\u00fablico; no se trata de una venganza como aqu\u00ed se se\u00f1ala.<\/p>\n<p class=\"nota-justify\">El documento avalado en lo particular por 348 votos a favor y 132 en contra, fue remitido al Senado para su an\u00e1lisis y votaci\u00f3n.<\/p>\n<p class=\"nota-justify\">En sus art\u00edculos transitorios, se se\u00f1ala que al entrar en vigor la reforma, se extingue el Coneval y sus recursos presupuestarios y materiales pasar\u00e1n al INEGI.<\/p>\n<p class=\"nota-justify\">La relaci\u00f3n laboral con el personal se dar\u00e1 por concluida en los terminada que se\u00f1ala la ley y el instituto contratar\u00e1 a los trabajadores que requiera conforme a su disponibilidad presupuestaria y su estructura org\u00e1nica y ocupacional.<\/p>\n","protected":false},"excerpt":{"rendered":"<p>La C\u00e1mara de Diputados abri\u00f3 el periodo extraordinario de sesiones con la aprobaci\u00f3n de la reforma que desaparece al Consejo<\/p>\n","protected":false},"author":4,"featured_media":65535,"comment_status":"closed","ping_status":"closed","sticky":false,"template":"","format":"standard","meta":{"colormag_page_container_layout":"default_layout","colormag_page_sidebar_layout":"default_layout","_jetpack_memberships_contains_paid_content":false,"footnotes":"","jetpack_publicize_message":"","jetpack_publicize_feature_enabled":true,"jetpack_social_post_already_shared":false,"jetpack_social_options":{"image_generator_settings":{"template":"highway","default_image_id":0,"font":"","enabled":false},"version":2}},"categories":[33],"tags":[],"class_list":["post-65534","post","type-post","status-publish","format-standard","has-post-thumbnail","hentry","category-nacional"],"jetpack_publicize_connections":[],"jetpack_featured_media_url":"https:\/\/i0.wp.com\/politicosaldesnudo.com.mx\/wp-content\/uploads\/2025\/06\/MALU.jpg?fit=752%2C516&ssl=1","jetpack-related-posts":[],"jetpack_sharing_enabled":true,"_links":{"self":[{"href":"https:\/\/politicosaldesnudo.com.mx\/index.php\/wp-json\/wp\/v2\/posts\/65534","targetHints":{"allow":["GET"]}}],"collection":[{"href":"https:\/\/politicosaldesnudo.com.mx\/index.php\/wp-json\/wp\/v2\/posts"}],"about":[{"href":"https:\/\/politicosaldesnudo.com.mx\/index.php\/wp-json\/wp\/v2\/types\/post"}],"author":[{"embeddable":true,"href":"https:\/\/politicosaldesnudo.com.mx\/index.php\/wp-json\/wp\/v2\/users\/4"}],"replies":[{"embeddable":true,"href":"https:\/\/politicosaldesnudo.com.mx\/index.php\/wp-json\/wp\/v2\/comments?post=65534"}],"version-history":[{"count":0,"href":"https:\/\/politicosaldesnudo.com.mx\/index.php\/wp-json\/wp\/v2\/posts\/65534\/revisions"}],"wp:featuredmedia":[{"embeddable":true,"href":"https:\/\/politicosaldesnudo.com.mx\/index.php\/wp-json\/wp\/v2\/media\/65535"}],"wp:attachment":[{"href":"https:\/\/politicosaldesnudo.com.mx\/index.php\/wp-json\/wp\/v2\/media?parent=65534"}],"wp:term":[{"taxonomy":"category","embeddable":true,"href":"https:\/\/politicosaldesnudo.com.mx\/index.php\/wp-json\/wp\/v2\/categories?post=65534"},{"taxonomy":"post_tag","embeddable":true,"href":"https:\/\/politicosaldesnudo.com.mx\/index.php\/wp-json\/wp\/v2\/tags?post=65534"}],"curies":[{"name":"wp","href":"https:\/\/api.w.org\/{rel}","templated":true}]}}