{"id":65537,"date":"2025-06-24T00:06:50","date_gmt":"2025-06-24T06:06:50","guid":{"rendered":"https:\/\/politicosaldesnudo.com.mx\/?p=65537"},"modified":"2025-06-23T21:06:07","modified_gmt":"2025-06-24T03:06:07","slug":"crea-corte-grupo-de-trabajo-para-entrega-recepcion-a-proximos-ministros","status":"publish","type":"post","link":"https:\/\/politicosaldesnudo.com.mx\/index.php\/2025\/06\/24\/crea-corte-grupo-de-trabajo-para-entrega-recepcion-a-proximos-ministros\/","title":{"rendered":"Crea Corte grupo de Trabajo para entrega-recepci\u00f3n a pr\u00f3ximos ministros"},"content":{"rendered":"<p class=\"nota-justify\">La Suprema Corte de Justicia de la Naci\u00f3n (SCJN) cre\u00f3 el grupo de trabajo encargado de elaborar el acta entrega-recepci\u00f3n, mediante la cual la administraci\u00f3n saliente de la ministra presidenta Norma Pi\u00f1a Hern\u00e1ndez rendir\u00e1 cuentas sobre el estado de los recursos del m\u00e1ximo tribunal al futuro ministro presidente, Hugo Aguilar Ortiz.<\/p>\n<p class=\"nota-justify\">A la par, la presidencia de la Corte tambi\u00e9n fij\u00f3 el calendario para el cierre presupuestal 2025, que establece que todas las \u00e1reas deber\u00e1n completar tr\u00e1mites clave como vi\u00e1ticos, fondos, adquisiciones, pagos y registros en el Sistema de Informaci\u00f3n Administrativa (SIA) antes del 18 de agosto. Tambi\u00e9n se fijan fechas l\u00edmite en recursos humanos, obra p\u00fablica y sistemas.<\/p>\n<p class=\"nota-justify\">El grupo de trabajo estar\u00e1 conformado por el secretario general de Acuerdo, Rafael Coello Cetina, el subsecretario General de Acuerdos, Melesio Ramos Mart\u00ednez; la secretaria General de la Presidencia, Natalia Reyes Heroles; la oficial Mayor, Gisela Morales Gonz\u00e1lez y el contralor de la Corte, Christian Heberto Cymet L\u00f3pez Su\u00e1rez.<\/p>\n<p class=\"nota-justify\">La creaci\u00f3n del grupo de trabajo deriva del Acuerdo General 3\/2025 del Pleno de la Corte, del 10 de marzo de este a\u00f1o, por el que se establecen las bases para la conclusi\u00f3n de la actual integraci\u00f3n, el 31 de agosto de 2025, y se establecen establecen las Disposiciones generales de rendici\u00f3n de cuentas institucionales y de las personas servidoras p\u00fablicas de la Suprema Corte de Justicia de la Naci\u00f3n, al separarse de su empleo, cargo o comisi\u00f3n.<\/p>\n<p class=\"nota-justify\">El pasado 17 de junio, la Contralor\u00eda tambi\u00e9n public\u00f3 los lineamientos para la integraci\u00f3n de actas entrega &#8211; recepci\u00f3n individual de las personas servidoras p\u00fablicas de la Corte, en el que se instruye a los \u00e1reas a rendir su informe en el Sistema de Actas Entrega-Recepci\u00f3n (SAER), en la que deber\u00e1 detallar los recursos humanos, materiales, financieros e inform\u00e1ticos que ten\u00eda asignados, entre otros aspectos.<\/p>\n<p class=\"nota-justify\">Cabe se\u00f1alar que el actual Pleno ser\u00e1 el 12 de agosto y el \u00faltimo informe de labores de la ministra presidenta, Norma Pi\u00f1a, deber\u00e1 presentarse el 15 de agosto. La futura integraci\u00f3n de la Corte tomar\u00e1 posesi\u00f3n del cargo el 1 de septiembre.<\/p>\n<p>&nbsp;<\/p>\n","protected":false},"excerpt":{"rendered":"<p>La Suprema Corte de Justicia de la Naci\u00f3n (SCJN) cre\u00f3 el grupo de trabajo encargado de elaborar el acta entrega-recepci\u00f3n,<\/p>\n","protected":false},"author":4,"featured_media":65538,"comment_status":"closed","ping_status":"closed","sticky":false,"template":"","format":"standard","meta":{"colormag_page_container_layout":"default_layout","colormag_page_sidebar_layout":"default_layout","_jetpack_memberships_contains_paid_content":false,"footnotes":"","jetpack_publicize_message":"","jetpack_publicize_feature_enabled":true,"jetpack_social_post_already_shared":false,"jetpack_social_options":{"image_generator_settings":{"template":"highway","default_image_id":0,"font":"","enabled":false},"version":2}},"categories":[33],"tags":[],"class_list":["post-65537","post","type-post","status-publish","format-standard","has-post-thumbnail","hentry","category-nacional"],"jetpack_publicize_connections":[],"jetpack_featured_media_url":"https:\/\/i0.wp.com\/politicosaldesnudo.com.mx\/wp-content\/uploads\/2025\/06\/SCJ.jpg?fit=746%2C562&ssl=1","jetpack-related-posts":[],"jetpack_sharing_enabled":true,"_links":{"self":[{"href":"https:\/\/politicosaldesnudo.com.mx\/index.php\/wp-json\/wp\/v2\/posts\/65537","targetHints":{"allow":["GET"]}}],"collection":[{"href":"https:\/\/politicosaldesnudo.com.mx\/index.php\/wp-json\/wp\/v2\/posts"}],"about":[{"href":"https:\/\/politicosaldesnudo.com.mx\/index.php\/wp-json\/wp\/v2\/types\/post"}],"author":[{"embeddable":true,"href":"https:\/\/politicosaldesnudo.com.mx\/index.php\/wp-json\/wp\/v2\/users\/4"}],"replies":[{"embeddable":true,"href":"https:\/\/politicosaldesnudo.com.mx\/index.php\/wp-json\/wp\/v2\/comments?post=65537"}],"version-history":[{"count":0,"href":"https:\/\/politicosaldesnudo.com.mx\/index.php\/wp-json\/wp\/v2\/posts\/65537\/revisions"}],"wp:featuredmedia":[{"embeddable":true,"href":"https:\/\/politicosaldesnudo.com.mx\/index.php\/wp-json\/wp\/v2\/media\/65538"}],"wp:attachment":[{"href":"https:\/\/politicosaldesnudo.com.mx\/index.php\/wp-json\/wp\/v2\/media?parent=65537"}],"wp:term":[{"taxonomy":"category","embeddable":true,"href":"https:\/\/politicosaldesnudo.com.mx\/index.php\/wp-json\/wp\/v2\/categories?post=65537"},{"taxonomy":"post_tag","embeddable":true,"href":"https:\/\/politicosaldesnudo.com.mx\/index.php\/wp-json\/wp\/v2\/tags?post=65537"}],"curies":[{"name":"wp","href":"https:\/\/api.w.org\/{rel}","templated":true}]}}