{"id":65613,"date":"2025-06-25T00:10:03","date_gmt":"2025-06-25T06:10:03","guid":{"rendered":"https:\/\/politicosaldesnudo.com.mx\/?p=65613"},"modified":"2025-06-24T22:23:10","modified_gmt":"2025-06-25T04:23:10","slug":"no-hay-prisa-por-bajar-las-tasas-powell","status":"publish","type":"post","link":"https:\/\/politicosaldesnudo.com.mx\/index.php\/2025\/06\/25\/no-hay-prisa-por-bajar-las-tasas-powell\/","title":{"rendered":"No hay prisa por bajar las tasas: Powell"},"content":{"rendered":"<p class=\"nota-justify\">La subida de los aranceles podr\u00eda empezar a elevar la inflaci\u00f3n este verano, un periodo que ser\u00e1 clave para que la Reserva Federal (Fed) considere posibles recortes de tasas, dijo el martes el presidente del banco central, Jerome Powell, a miembros del Congreso.<\/p>\n<p class=\"nota-justify\">Adem\u00e1s, Powell asegur\u00f3 que miembros del Congreso le han dicho en privado que la entidad est\u00e1 \u201chaciendo lo correcto\u201d en materia de tasas de inter\u00e9s, mientras Donald Trump lo reprende en p\u00fablico por no recortar los costos de endeudamiento.<\/p>\n<p class=\"nota-justify\">\u201cHablo en privado con muchos miembros (del Congreso) que dicen \u2018est\u00e1n haciendo lo correcto\u2019\u201d, dijo. \u201cEscucho eso de muchos miembros en privado\u201d.<\/p>\n<p class=\"nota-justify\">Presionado por legisladores republicanos de la Comisi\u00f3n de Servicios Financieros sobre por qu\u00e9 la Fed no est\u00e1 recortando las tasas, como ha exigido Trump, Powell dijo que \u00e9l y muchos en la Fed esperan que la inflaci\u00f3n comience a aumentar pronto, y que el banco central no ten\u00eda prisa por aliviar los costos de endeudamiento mientras tanto.<\/p>\n<p class=\"nota-justify\">La Fed tiene el deber de evitar que un aumento puntual en los precios se convierta en un \u201cproblema continuo de inflaci\u00f3n\u201d, se\u00f1al\u00f3 Powell al Comit\u00e9 de Servicios Financieros de la C\u00e1mara de Representantes.<\/p>\n<p class=\"nota-justify\">El aumento de la inflaci\u00f3n debido a los aranceles podr\u00eda ser temporal, o podr\u00eda provocar un episodio m\u00e1s persistente de inflaci\u00f3n, apunt\u00f3.<\/p>\n<p class=\"nota-justify\">La semana pasada, en una conferencia de prensa, Powell indic\u00f3 que la Fed monitorear\u00eda c\u00f3mo evoluciona la econom\u00eda durante el verano en respuesta a los aranceles de Trump y otras pol\u00edticas antes de decidir si recortar las tasas. Sus comentarios sugirieron que una reducci\u00f3n de tasas no ocurrir\u00eda hasta septiembre.<\/p>\n<p class=\"nota-justify\">Sin embargo, dos miembros destacados de la junta de gobierno de la Fed, Michelle Bowman y Christopher Waller, indicaron que la Fed podr\u00eda recortar su tasa en su pr\u00f3xima reuni\u00f3n de julio.<\/p>\n<p class=\"nota-justify\">\u201cNo quiero se\u00f1alar una reuni\u00f3n en particular. No creo que debamos tener ninguna prisa, dado que el mercado laboral sigue fuerte y hay mucha incertidumbre sobre el impacto del debate arancelario a\u00fan sin resolver\u201d, dijo Powell en su comparecencia del martes.<\/p>\n<p class=\"nota-justify\">Horas antes del testimonio de Powell, Trump nuevamente lo inst\u00f3 a reducir las tasas, diciendo que deber\u00edan ser \u201cal menos dos o tres puntos m\u00e1s bajas\u201d dado que la inflaci\u00f3n sigue siendo moderada.<\/p>\n<p class=\"nota-justify\">\u201cEspero que el Congreso realmente presione a esta persona muy tonta y cabeza dura\u201d, escribi\u00f3 Trump en su plataforma Truth Social.<\/p>\n","protected":false},"excerpt":{"rendered":"<p>La subida de los aranceles podr\u00eda empezar a elevar la inflaci\u00f3n este verano, un periodo que ser\u00e1 clave para que<\/p>\n","protected":false},"author":4,"featured_media":65614,"comment_status":"closed","ping_status":"closed","sticky":false,"template":"","format":"standard","meta":{"colormag_page_container_layout":"default_layout","colormag_page_sidebar_layout":"default_layout","_jetpack_memberships_contains_paid_content":false,"footnotes":"","jetpack_publicize_message":"","jetpack_publicize_feature_enabled":true,"jetpack_social_post_already_shared":true,"jetpack_social_options":{"image_generator_settings":{"template":"highway","default_image_id":0,"font":"","enabled":false},"version":2}},"categories":[2050],"tags":[],"class_list":["post-65613","post","type-post","status-publish","format-standard","has-post-thumbnail","hentry","category-economia"],"jetpack_publicize_connections":[],"jetpack_featured_media_url":"https:\/\/i0.wp.com\/politicosaldesnudo.com.mx\/wp-content\/uploads\/2025\/06\/POW-1.jpg?fit=745%2C488&ssl=1","jetpack-related-posts":[],"jetpack_sharing_enabled":true,"_links":{"self":[{"href":"https:\/\/politicosaldesnudo.com.mx\/index.php\/wp-json\/wp\/v2\/posts\/65613","targetHints":{"allow":["GET"]}}],"collection":[{"href":"https:\/\/politicosaldesnudo.com.mx\/index.php\/wp-json\/wp\/v2\/posts"}],"about":[{"href":"https:\/\/politicosaldesnudo.com.mx\/index.php\/wp-json\/wp\/v2\/types\/post"}],"author":[{"embeddable":true,"href":"https:\/\/politicosaldesnudo.com.mx\/index.php\/wp-json\/wp\/v2\/users\/4"}],"replies":[{"embeddable":true,"href":"https:\/\/politicosaldesnudo.com.mx\/index.php\/wp-json\/wp\/v2\/comments?post=65613"}],"version-history":[{"count":0,"href":"https:\/\/politicosaldesnudo.com.mx\/index.php\/wp-json\/wp\/v2\/posts\/65613\/revisions"}],"wp:featuredmedia":[{"embeddable":true,"href":"https:\/\/politicosaldesnudo.com.mx\/index.php\/wp-json\/wp\/v2\/media\/65614"}],"wp:attachment":[{"href":"https:\/\/politicosaldesnudo.com.mx\/index.php\/wp-json\/wp\/v2\/media?parent=65613"}],"wp:term":[{"taxonomy":"category","embeddable":true,"href":"https:\/\/politicosaldesnudo.com.mx\/index.php\/wp-json\/wp\/v2\/categories?post=65613"},{"taxonomy":"post_tag","embeddable":true,"href":"https:\/\/politicosaldesnudo.com.mx\/index.php\/wp-json\/wp\/v2\/tags?post=65613"}],"curies":[{"name":"wp","href":"https:\/\/api.w.org\/{rel}","templated":true}]}}