{"id":65619,"date":"2025-06-25T00:12:47","date_gmt":"2025-06-25T06:12:47","guid":{"rendered":"https:\/\/politicosaldesnudo.com.mx\/?p=65619"},"modified":"2025-06-24T22:27:01","modified_gmt":"2025-06-25T04:27:01","slug":"fallan-contra-salinas-pliego-debe-pagar-2-mil-mdp-por-omision-de-impuestos","status":"publish","type":"post","link":"https:\/\/politicosaldesnudo.com.mx\/index.php\/2025\/06\/25\/fallan-contra-salinas-pliego-debe-pagar-2-mil-mdp-por-omision-de-impuestos\/","title":{"rendered":"Fallan contra Salinas Pliego, debe pagar 2 mil mdp por omisi\u00f3n de impuestos"},"content":{"rendered":"<p class=\"nota-justify\">Grupo Elektra deber\u00e1 liquidar un adeudo fiscal de aproximadamente 2 mil millones de pesos por la omisi\u00f3n en el pago del Impuesto Sobre la Renta (ISR) correspondiente al ejercicio 2010, seg\u00fan informaci\u00f3n obtenida por\u00a0<i>La Jornada<\/i>.<\/p>\n<p class=\"nota-justify\">Lo anterior lo determin\u00f3 este martes 24 de junio el Segundo Tribunal Colegiado en Materia Administrativa del Primer Circuito.<\/p>\n<p class=\"nota-justify\">Los magistrados del \u00f3rgano resolvieron un\u00e1nimemente que la empresa, propiedad de Ricardo Salinas Pliego, desembolse dicha cantidad para solventar el cr\u00e9dito fiscal generado.<\/p>\n<p class=\"nota-justify\">Seg\u00fan la informaci\u00f3n, de \u00faltimo momento, Grupo Elektra quiso detener nuevamente la resoluci\u00f3n de este litigio, como lo ha hecho en la mayor\u00eda de sus juicios fiscales, al presentar escritos, previo a la discusi\u00f3n, con la finalidad de cuestionar la imparcialidad de los juzgadores.<\/p>\n<p class=\"nota-justify\">No obstante, los alegatos fueron desechados por los integrantes del Tribunal Colegiado, quienes consideraron que s\u00f3lo pretend\u00edan dilatar la sentencia.<\/p>\n<p class=\"nota-justify\">Este es el segundo rev\u00e9s que el empresario recibe en menos de una semana, pues el pasado 19 de junio el D\u00e9cimo Tribunal Colegiado en Materia Administrativa lo sentenci\u00f3 a pagar otro adeudo fiscal por casi 2 mil millones de pesos generados desde 2012.<\/p>\n<p class=\"nota-justify\">Es importante aclarar que la empresa de Salinas Pliego puede interponer la revisi\u00f3n de esta sentencia ante la Suprema Corte de Justicia de la Naci\u00f3n, cuya nueva conformaci\u00f3n iniciar\u00e1 el pr\u00f3ximo 1 de septiembre.<\/p>\n","protected":false},"excerpt":{"rendered":"<p>Grupo Elektra deber\u00e1 liquidar un adeudo fiscal de aproximadamente 2 mil millones de pesos por la omisi\u00f3n en el pago<\/p>\n","protected":false},"author":4,"featured_media":65620,"comment_status":"closed","ping_status":"closed","sticky":false,"template":"","format":"standard","meta":{"colormag_page_container_layout":"default_layout","colormag_page_sidebar_layout":"default_layout","_jetpack_memberships_contains_paid_content":false,"footnotes":"","jetpack_publicize_message":"","jetpack_publicize_feature_enabled":true,"jetpack_social_post_already_shared":true,"jetpack_social_options":{"image_generator_settings":{"template":"highway","default_image_id":0,"font":"","enabled":false},"version":2}},"categories":[2050],"tags":[],"class_list":["post-65619","post","type-post","status-publish","format-standard","has-post-thumbnail","hentry","category-economia"],"jetpack_publicize_connections":[],"jetpack_featured_media_url":"https:\/\/i0.wp.com\/politicosaldesnudo.com.mx\/wp-content\/uploads\/2025\/06\/IMG_4471-673x381-1.jpeg?fit=673%2C381&ssl=1","jetpack-related-posts":[],"jetpack_sharing_enabled":true,"_links":{"self":[{"href":"https:\/\/politicosaldesnudo.com.mx\/index.php\/wp-json\/wp\/v2\/posts\/65619","targetHints":{"allow":["GET"]}}],"collection":[{"href":"https:\/\/politicosaldesnudo.com.mx\/index.php\/wp-json\/wp\/v2\/posts"}],"about":[{"href":"https:\/\/politicosaldesnudo.com.mx\/index.php\/wp-json\/wp\/v2\/types\/post"}],"author":[{"embeddable":true,"href":"https:\/\/politicosaldesnudo.com.mx\/index.php\/wp-json\/wp\/v2\/users\/4"}],"replies":[{"embeddable":true,"href":"https:\/\/politicosaldesnudo.com.mx\/index.php\/wp-json\/wp\/v2\/comments?post=65619"}],"version-history":[{"count":0,"href":"https:\/\/politicosaldesnudo.com.mx\/index.php\/wp-json\/wp\/v2\/posts\/65619\/revisions"}],"wp:featuredmedia":[{"embeddable":true,"href":"https:\/\/politicosaldesnudo.com.mx\/index.php\/wp-json\/wp\/v2\/media\/65620"}],"wp:attachment":[{"href":"https:\/\/politicosaldesnudo.com.mx\/index.php\/wp-json\/wp\/v2\/media?parent=65619"}],"wp:term":[{"taxonomy":"category","embeddable":true,"href":"https:\/\/politicosaldesnudo.com.mx\/index.php\/wp-json\/wp\/v2\/categories?post=65619"},{"taxonomy":"post_tag","embeddable":true,"href":"https:\/\/politicosaldesnudo.com.mx\/index.php\/wp-json\/wp\/v2\/tags?post=65619"}],"curies":[{"name":"wp","href":"https:\/\/api.w.org\/{rel}","templated":true}]}}