{"id":65622,"date":"2025-06-25T00:13:14","date_gmt":"2025-06-25T06:13:14","guid":{"rendered":"https:\/\/politicosaldesnudo.com.mx\/?p=65622"},"modified":"2025-06-24T22:29:25","modified_gmt":"2025-06-25T04:29:25","slug":"chiapas-fortalecera-a-la-guardia-estatal-con-drones-artillados-y-perro-robotico","status":"publish","type":"post","link":"https:\/\/politicosaldesnudo.com.mx\/index.php\/2025\/06\/25\/chiapas-fortalecera-a-la-guardia-estatal-con-drones-artillados-y-perro-robotico\/","title":{"rendered":"Chiapas fortalecer\u00e1 a la Guardia Estatal con drones artillados y perro rob\u00f3tico"},"content":{"rendered":"<p>El gobernador de Chiapas, Eduardo Ram\u00edrez Aguilar, anunci\u00f3 que se fortalecer\u00e1 a la Guardia Estatal con una flotilla de drones artillados que ser\u00e1n utilizados en la frontera con Guatemala junto con la Unidad Kanan y un perro rob\u00f3tico que ser\u00e1 empleado para operaciones t\u00e1cticas.<\/p>\n<p>Lo anterior, dijo como parte de la estrategia de seguridad que, dijo, \u201cest\u00e1 a la vanguardia con tecnolog\u00eda que fortalece la paz, lo que le ha permitido devolverle la tranquilidad a la ciudadan\u00eda con carreteras y comunidades m\u00e1s seguras\u201d.<\/p>\n<p>El mandatario present\u00f3 ayer la Universidad P\u00fablica del Sureste y la Guardia Estatal, acciones que se suman a otras medidas como el incremento al salario de los polic\u00edas en un 40 por ciento.<\/p>\n<p>Detall\u00f3 que la adquisici\u00f3n de equipo de alta tecnolog\u00eda, como sistemas de vigilancia avanzados, veh\u00edculos blindados y armamento moderno, ser\u00e1 una estrategia vital para mejorar la capacidad de nuestra Guardia para el adecuado cumplimiento de sus funciones.<\/p>\n<p>Expuso: \u201cEn Chiapas caminamos de la mano de nuestra presidenta de M\u00e9xico, Claudia Sheinbaum Pardo; sepan que est\u00e1n acompa\u00f1ados por su gobernador; sabemos el camino y el camino que estamos construyendo es la paz. Siempre defenderemos a nuestro querido estado, porque nuestro compromiso es firme y estoy empe\u00f1ado en que Chiapas tenga paz, seguridad y bienestar\u201d.<\/p>\n<p>Ram\u00edrez Aguilar puntualiz\u00f3 que el incremento del 40 por ciento al salario de los polic\u00edas, que beneficia a unos 10 mil elementos, no s\u00f3lo es un reconocimiento a los cuerpos policiales que desde los primeros d\u00edas de su gobierno han dado resultados, como la detenci\u00f3n de generadores de violencia, la aprehensi\u00f3n de servidores p\u00fablicos y polic\u00edas vinculados a la delincuencia, sino es parte de la estrategia de combate a la corrupci\u00f3n.<\/p>\n","protected":false},"excerpt":{"rendered":"<p>El gobernador de Chiapas, Eduardo Ram\u00edrez Aguilar, anunci\u00f3 que se fortalecer\u00e1 a la Guardia Estatal con una flotilla de drones<\/p>\n","protected":false},"author":4,"featured_media":65623,"comment_status":"closed","ping_status":"closed","sticky":false,"template":"","format":"standard","meta":{"colormag_page_container_layout":"default_layout","colormag_page_sidebar_layout":"default_layout","_jetpack_memberships_contains_paid_content":false,"footnotes":"","jetpack_publicize_message":"","jetpack_publicize_feature_enabled":true,"jetpack_social_post_already_shared":true,"jetpack_social_options":{"image_generator_settings":{"template":"highway","default_image_id":0,"font":"","enabled":false},"version":2}},"categories":[30],"tags":[],"class_list":["post-65622","post","type-post","status-publish","format-standard","has-post-thumbnail","hentry","category-estados"],"jetpack_publicize_connections":[],"jetpack_featured_media_url":"https:\/\/i0.wp.com\/politicosaldesnudo.com.mx\/wp-content\/uploads\/2025\/06\/CHI.jpg?fit=773%2C523&ssl=1","jetpack-related-posts":[],"jetpack_sharing_enabled":true,"_links":{"self":[{"href":"https:\/\/politicosaldesnudo.com.mx\/index.php\/wp-json\/wp\/v2\/posts\/65622","targetHints":{"allow":["GET"]}}],"collection":[{"href":"https:\/\/politicosaldesnudo.com.mx\/index.php\/wp-json\/wp\/v2\/posts"}],"about":[{"href":"https:\/\/politicosaldesnudo.com.mx\/index.php\/wp-json\/wp\/v2\/types\/post"}],"author":[{"embeddable":true,"href":"https:\/\/politicosaldesnudo.com.mx\/index.php\/wp-json\/wp\/v2\/users\/4"}],"replies":[{"embeddable":true,"href":"https:\/\/politicosaldesnudo.com.mx\/index.php\/wp-json\/wp\/v2\/comments?post=65622"}],"version-history":[{"count":0,"href":"https:\/\/politicosaldesnudo.com.mx\/index.php\/wp-json\/wp\/v2\/posts\/65622\/revisions"}],"wp:featuredmedia":[{"embeddable":true,"href":"https:\/\/politicosaldesnudo.com.mx\/index.php\/wp-json\/wp\/v2\/media\/65623"}],"wp:attachment":[{"href":"https:\/\/politicosaldesnudo.com.mx\/index.php\/wp-json\/wp\/v2\/media?parent=65622"}],"wp:term":[{"taxonomy":"category","embeddable":true,"href":"https:\/\/politicosaldesnudo.com.mx\/index.php\/wp-json\/wp\/v2\/categories?post=65622"},{"taxonomy":"post_tag","embeddable":true,"href":"https:\/\/politicosaldesnudo.com.mx\/index.php\/wp-json\/wp\/v2\/tags?post=65622"}],"curies":[{"name":"wp","href":"https:\/\/api.w.org\/{rel}","templated":true}]}}