{"id":65677,"date":"2025-06-26T00:07:54","date_gmt":"2025-06-26T06:07:54","guid":{"rendered":"https:\/\/politicosaldesnudo.com.mx\/?p=65677"},"modified":"2025-06-25T21:59:04","modified_gmt":"2025-06-26T03:59:04","slug":"presenta-alicia-barcena-el-programa-nacional-de-restauracion","status":"publish","type":"post","link":"https:\/\/politicosaldesnudo.com.mx\/index.php\/2025\/06\/26\/presenta-alicia-barcena-el-programa-nacional-de-restauracion\/","title":{"rendered":"Presenta Alicia B\u00e1rcena el Programa Nacional de Restauraci\u00f3n"},"content":{"rendered":"<div id=\"article-content-tts\" class=\"nota-contenido mb-5\">\n<div id=\"content_nitf\">\n<p class=\"nota-justify\">Con metas espec\u00edficas hacia 2030 para revertir la degradaci\u00f3n de ecosistemas prioritarios en M\u00e9xico, la Secretar\u00eda de Medio Ambiente y Recursos Naturales (Semarnat) present\u00f3 este mi\u00e9rcoles el Programa Nacional de Restauraci\u00f3n, que contempla la participaci\u00f3n de los tres \u00f3rdenes de gobierno, las comunidades locales, la sociedad civil y el sector privado, con la finalidad de cumplir con compromisos nacionales e internacionales en esta materia.<\/p>\n<p class=\"nota-justify\">Ante la acumulaci\u00f3n de los pasivos ambientales en las \u00faltimas d\u00e9cadas, Alicia B\u00e1rcena, titular de la Semarnat, resalt\u00f3 en el Pabell\u00f3n de Cultura Comunitaria que esta iniciativa tiene tres prop\u00f3sitos fundamentales: detener las causas del deterioro, permitir una regeneraci\u00f3n natural y promover la restauraci\u00f3n productiva. Se\u00f1al\u00f3 que, a trav\u00e9s de sus facultades regulatorias, se busca poner l\u00edmites a los usos desmedidos de los recursos naturales y ordenar las actividades industriales y extractivas, adem\u00e1s de tener una mayor colaboraci\u00f3n interinstitucional y, sobre todo, con las comunidades.<\/p>\n<p class=\"nota-justify\">El programa, presentado por la subsecretaria de Biodiversidad y Restauraci\u00f3n Ambiental, Marina Robles, busca que del total de superficie degradada en 2024, se restaure 5 por ciento ecosistemas costeros-marinos, principalmente manglares, este a\u00f1o, y 50 por ciento para 2030, adem\u00e1s de contribuir a lograr la deforestaci\u00f3n cero neta para final de sexenio.<\/p>\n<p class=\"nota-justify\">Tambi\u00e9n, establece contribuir en la restauraci\u00f3n de cuatro cuencas prioritarias al 2030: Tula, Lerma-Santiago, Atoyac y el r\u00edo Sonora, adem\u00e1s de las presas Endh\u00f3 y Zapotillo. Adem\u00e1s fija restaurar 26 mil hect\u00e1reas de ecosistemas forestales este a\u00f1o y 73 mil 100 hect\u00e1reas al 2030, restaurar y decretar como \u00c1reas de Prosperidad Marina 10 sitios deteriorados del Golfo de California y Contribuir a la reducci\u00f3n del 35 por ciento de los gases de efecto invernadero al terminar el gobierno, entre otras medidas.<\/p>\n<p class=\"nota-justify\">El programa tiene identificados 50 sitios para restaurar para este a\u00f1o, 25 en 2026 y m\u00e1s de 240 rumbo a 2050. Contempla cuencas prioritarias y cuerpos de agua continentales, zonas forestales, sistemas costeros y marinos, parques y bosques urbanos, islas, sitios con estr\u00e9s sanitario y ambiental extremo.<\/p>\n<p class=\"nota-justify\">La secretaria B\u00e1rcena se\u00f1al\u00f3 que \u201ctenemos un diagn\u00f3stico muy severo\u201d porque tenemos 5 por ciento del territorio que no est\u00e1 en condiciones de ning\u00fan tipo, en calidad de degradado. Agreg\u00f3 que 9.5 millones de hect\u00e1reas contienen condiciones extremas, \u201cy son esos territorios justamente los que exigen una pronta recuperaci\u00f3n, en algunos casos remediaci\u00f3n\u201d.<\/p>\n<p class=\"nota-justify\">Apunt\u00f3 que estamos trabajando realmente porque hemos perdido 5 millones de hect\u00e1reas de cobertura forestal, y para remediarlo se debe lograr este Acuerdo Nacional de Bosques, Selvas y Manglares, para poder recuperar y restaurar al menos 100 mil hect\u00e1reas de bosque y 18 mil hect\u00e1reas de manglares.<\/p>\n<p class=\"nota-justify\">\u201cLo que necesitamos es recuperar esa visi\u00f3n sist\u00e9mica de la restauraci\u00f3n, esa visi\u00f3n que nos permita restaurar, yo dir\u00eda, esa variabilidad, ese ciclo que se da en ecosistemas naturales como las selvas tropicales, como los manglares, como los bosques templados, y de verdad que es un acto de justicia tambi\u00e9n, porque no basta solo atender las causas, sino tambi\u00e9n tener esa visi\u00f3n amplia que involucre naturaleza\u201d, expres\u00f3.<\/p>\n<p class=\"nota-justify\">Si bien reconoci\u00f3 que quiz\u00e1 no se va a lograr regresar a los ecosistemas originales, se\u00f1al\u00f3 que se debe tener una visi\u00f3n sist\u00e9mica para que se vuelva a recuperar el equilibrio ecol\u00f3gico. Destac\u00f3 que se requiere restaurar los ecosistemas, porque tambi\u00e9n nos ayuda a restaurar otros aspectos de nuestra vida, como el tejido social, al destacar las contribuciones realizadas por las comunidades.<\/p>\n<\/div>\n<\/div>\n<div class=\"notas-relacionadas\"><\/div>\n<div class=\"nota-tags\"><\/div>\n","protected":false},"excerpt":{"rendered":"<p>Con metas espec\u00edficas hacia 2030 para revertir la degradaci\u00f3n de ecosistemas prioritarios en M\u00e9xico, la Secretar\u00eda de Medio Ambiente y<\/p>\n","protected":false},"author":4,"featured_media":65678,"comment_status":"closed","ping_status":"closed","sticky":false,"template":"","format":"standard","meta":{"colormag_page_container_layout":"default_layout","colormag_page_sidebar_layout":"default_layout","_jetpack_memberships_contains_paid_content":false,"footnotes":"","jetpack_publicize_message":"","jetpack_publicize_feature_enabled":true,"jetpack_social_post_already_shared":true,"jetpack_social_options":{"image_generator_settings":{"template":"highway","default_image_id":0,"font":"","enabled":false},"version":2}},"categories":[33],"tags":[],"class_list":["post-65677","post","type-post","status-publish","format-standard","has-post-thumbnail","hentry","category-nacional"],"jetpack_publicize_connections":[],"jetpack_featured_media_url":"https:\/\/i0.wp.com\/politicosaldesnudo.com.mx\/wp-content\/uploads\/2025\/06\/AREST.jpg?fit=721%2C421&ssl=1","jetpack-related-posts":[],"jetpack_sharing_enabled":true,"_links":{"self":[{"href":"https:\/\/politicosaldesnudo.com.mx\/index.php\/wp-json\/wp\/v2\/posts\/65677","targetHints":{"allow":["GET"]}}],"collection":[{"href":"https:\/\/politicosaldesnudo.com.mx\/index.php\/wp-json\/wp\/v2\/posts"}],"about":[{"href":"https:\/\/politicosaldesnudo.com.mx\/index.php\/wp-json\/wp\/v2\/types\/post"}],"author":[{"embeddable":true,"href":"https:\/\/politicosaldesnudo.com.mx\/index.php\/wp-json\/wp\/v2\/users\/4"}],"replies":[{"embeddable":true,"href":"https:\/\/politicosaldesnudo.com.mx\/index.php\/wp-json\/wp\/v2\/comments?post=65677"}],"version-history":[{"count":0,"href":"https:\/\/politicosaldesnudo.com.mx\/index.php\/wp-json\/wp\/v2\/posts\/65677\/revisions"}],"wp:featuredmedia":[{"embeddable":true,"href":"https:\/\/politicosaldesnudo.com.mx\/index.php\/wp-json\/wp\/v2\/media\/65678"}],"wp:attachment":[{"href":"https:\/\/politicosaldesnudo.com.mx\/index.php\/wp-json\/wp\/v2\/media?parent=65677"}],"wp:term":[{"taxonomy":"category","embeddable":true,"href":"https:\/\/politicosaldesnudo.com.mx\/index.php\/wp-json\/wp\/v2\/categories?post=65677"},{"taxonomy":"post_tag","embeddable":true,"href":"https:\/\/politicosaldesnudo.com.mx\/index.php\/wp-json\/wp\/v2\/tags?post=65677"}],"curies":[{"name":"wp","href":"https:\/\/api.w.org\/{rel}","templated":true}]}}