{"id":65683,"date":"2025-06-26T00:09:31","date_gmt":"2025-06-26T06:09:31","guid":{"rendered":"https:\/\/politicosaldesnudo.com.mx\/?p=65683"},"modified":"2025-06-25T22:02:39","modified_gmt":"2025-06-26T04:02:39","slug":"congreso-brasileno-frena-alza-a-impuestos-de-transacciones-internacionales","status":"publish","type":"post","link":"https:\/\/politicosaldesnudo.com.mx\/index.php\/2025\/06\/26\/congreso-brasileno-frena-alza-a-impuestos-de-transacciones-internacionales\/","title":{"rendered":"Congreso brasile\u00f1o frena alza a impuestos de transacciones internacionales"},"content":{"rendered":"<p class=\"nota-justify\">El Congreso de Brasil aprob\u00f3 este mi\u00e9rcoles derogar un alza en los impuestos a las transacciones internacionales decretada por el gobierno de Luiz In\u00e1cio Lula da Silva, un rev\u00e9s para el mandatario en su esfuerzo por equilibrar el presupuesto de la mayor econom\u00eda latinoamericana.<\/p>\n<p class=\"nota-justify\">Por amplias mayor\u00edas en ambas c\u00e1maras, el parlamento vot\u00f3 en contra de tres decretos firmados por Lula en mayo que elevaban las tasas cobradas sobre operaciones como compras con tarjetas de cr\u00e9dito en el extranjero y los env\u00edos de dinero a otros pa\u00edses, entre otros incrementos.<\/p>\n<p class=\"nota-justify\">\u201cLa derogaci\u00f3n del decreto significar\u00e1 autom\u00e1ticamente una restricci\u00f3n de los programas sociales perjudicando a los m\u00e1s pobres\u201d dijo a periodistas el l\u00edder de la bancada oficialista en la C\u00e1mara de Diputados, Lindbergh Farias.<\/p>\n<p class=\"nota-justify\">Incluso partidos que forman parte de la coalici\u00f3n del gobierno de izquierda votaron en contra de los tributos fijados para cumplir las reglas fiscales del pa\u00eds.<\/p>\n<p class=\"nota-justify\">La iniciativa para derogar los impuestos fue liderada por el partido del expresidente ultraderechista Jair Bolsonaro.<\/p>\n<p class=\"nota-justify\">Lula busca \u201ccumplir la regla fiscal sin renunciar a su obsesi\u00f3n por el aumento descontrolado de los gastos p\u00fablicos\u201d, afirm\u00f3 el diputado Luciano Zucco, autor del acto legislativo.<\/p>\n<p class=\"nota-justify\">La regla fiscal limita el crecimiento del gasto hasta 2026, cuando acaba el periodo presidencial.<\/p>\n<p class=\"nota-justify\">El Ejecutivo argumenta que el alza afectar\u00eda principalmente a las personas de mayores ingresos y permitir\u00eda equilibrar el presupuesto sin renunciar a la inversi\u00f3n social.<\/p>\n<p class=\"nota-justify\">La oposici\u00f3n, de su lado, argument\u00f3 que los impuestos se traducir\u00edan en un aumento en la inflaci\u00f3n, que en mayo se situ\u00f3 en 5.32 por ciento interanual.<\/p>\n<p class=\"nota-justify\">A comienzos de a\u00f1o el real brasile\u00f1o lleg\u00f3 a su cotizaci\u00f3n m\u00e1s baja en la historia frente al d\u00f3lar por una reacci\u00f3n adversa de los mercados a un proyecto del gobierno para eximir del impuesto de renta personas de ingreso medio.<\/p>\n<p class=\"nota-justify\">La moneda ha recuperado buena parte de su cotizaci\u00f3n desde entonces.<\/p>\n","protected":false},"excerpt":{"rendered":"<p>El Congreso de Brasil aprob\u00f3 este mi\u00e9rcoles derogar un alza en los impuestos a las transacciones internacionales decretada por el<\/p>\n","protected":false},"author":4,"featured_media":65684,"comment_status":"closed","ping_status":"closed","sticky":false,"template":"","format":"standard","meta":{"colormag_page_container_layout":"default_layout","colormag_page_sidebar_layout":"default_layout","_jetpack_memberships_contains_paid_content":false,"footnotes":"","jetpack_publicize_message":"","jetpack_publicize_feature_enabled":true,"jetpack_social_post_already_shared":true,"jetpack_social_options":{"image_generator_settings":{"template":"highway","default_image_id":0,"font":"","enabled":false},"version":2}},"categories":[2050],"tags":[],"class_list":["post-65683","post","type-post","status-publish","format-standard","has-post-thumbnail","hentry","category-economia"],"jetpack_publicize_connections":[],"jetpack_featured_media_url":"https:\/\/i0.wp.com\/politicosaldesnudo.com.mx\/wp-content\/uploads\/2025\/06\/BRAS.jpg?fit=692%2C468&ssl=1","jetpack-related-posts":[],"jetpack_sharing_enabled":true,"_links":{"self":[{"href":"https:\/\/politicosaldesnudo.com.mx\/index.php\/wp-json\/wp\/v2\/posts\/65683","targetHints":{"allow":["GET"]}}],"collection":[{"href":"https:\/\/politicosaldesnudo.com.mx\/index.php\/wp-json\/wp\/v2\/posts"}],"about":[{"href":"https:\/\/politicosaldesnudo.com.mx\/index.php\/wp-json\/wp\/v2\/types\/post"}],"author":[{"embeddable":true,"href":"https:\/\/politicosaldesnudo.com.mx\/index.php\/wp-json\/wp\/v2\/users\/4"}],"replies":[{"embeddable":true,"href":"https:\/\/politicosaldesnudo.com.mx\/index.php\/wp-json\/wp\/v2\/comments?post=65683"}],"version-history":[{"count":0,"href":"https:\/\/politicosaldesnudo.com.mx\/index.php\/wp-json\/wp\/v2\/posts\/65683\/revisions"}],"wp:featuredmedia":[{"embeddable":true,"href":"https:\/\/politicosaldesnudo.com.mx\/index.php\/wp-json\/wp\/v2\/media\/65684"}],"wp:attachment":[{"href":"https:\/\/politicosaldesnudo.com.mx\/index.php\/wp-json\/wp\/v2\/media?parent=65683"}],"wp:term":[{"taxonomy":"category","embeddable":true,"href":"https:\/\/politicosaldesnudo.com.mx\/index.php\/wp-json\/wp\/v2\/categories?post=65683"},{"taxonomy":"post_tag","embeddable":true,"href":"https:\/\/politicosaldesnudo.com.mx\/index.php\/wp-json\/wp\/v2\/tags?post=65683"}],"curies":[{"name":"wp","href":"https:\/\/api.w.org\/{rel}","templated":true}]}}