{"id":65692,"date":"2025-06-26T00:12:11","date_gmt":"2025-06-26T06:12:11","guid":{"rendered":"https:\/\/politicosaldesnudo.com.mx\/?p=65692"},"modified":"2025-06-25T22:08:17","modified_gmt":"2025-06-26T04:08:17","slug":"brics-plantearan-mecanismos-de-pago-pero-no-desdolarizacion-economistas","status":"publish","type":"post","link":"https:\/\/politicosaldesnudo.com.mx\/index.php\/2025\/06\/26\/brics-plantearan-mecanismos-de-pago-pero-no-desdolarizacion-economistas\/","title":{"rendered":"BRICS plantear\u00e1n mecanismos de pago, pero no desdolarizaci\u00f3n: economistas"},"content":{"rendered":"<p class=\"nota-justify\">El bloque BRICS llegar\u00e1 a su pr\u00f3xima cumbre, que se realizar\u00e1 en Brasil el 6 y 7 de julio, con un tono m\u00e1s prudente respecto a la creaci\u00f3n de una moneda com\u00fan, pero con avances concretos en mecanismos alternativos de desdolarizaci\u00f3n que podr\u00edan tener impacto mundial, incluyendo a Am\u00e9rica Latina.<\/p>\n<p class=\"nota-justify\">Frente a las diferencias internas y las amenazas del presidente de Estados Unidos, Donald Trump, los pa\u00edses del bloque han optado por una nueva estrategia: avanzar en una desdolarizaci\u00f3n silenciosa, dijeron a la agencia Sputnik los economistas Jorge Luna y Pedro P\u00e1ez.<\/p>\n<p class=\"nota-justify\">\u201cEl discurso de la desdolarizaci\u00f3n se ha moderado, sobre todo desde Brasil. Ya no se habla de una moneda com\u00fan como se hac\u00eda antes. Hay razones internas y externas: elecciones en Brasil, presiones de Estados Unidos y tensiones dentro del bloque. (&#8230;) Pero eso no significa que se haya frenado la desdolarizaci\u00f3n: ahora es m\u00e1s sutil\u201d, explic\u00f3 Luna, quien particip\u00f3 recientemente en los foros preparatorios a la cumbre BRICS, en Brasilia.<\/p>\n<p class=\"nota-justify\">El tambi\u00e9n especialista en arquitectura financiera e integrante de la Red Latinoamericana por Justicia Econ\u00f3mica y Social (Latindadd) indic\u00f3 que el discurso de desdolarizaci\u00f3n desde la presidencia de Brasil viene \u201cbajando de tono\u201d y no busca ser \u201ctan ambicioso\u201d.<\/p>\n<p class=\"nota-justify\">Remarc\u00f3 que incluso desde el gobierno brasile\u00f1o se evita utilizar la palabra y se buscan otras alternativas que ampl\u00eden el comercio y fomenten el multilateralismo.<\/p>\n<p class=\"nota-justify\">Uno de los factores que ha generado mayor cautela son las amenazas de Trump, quien ha advertido sobre la posibilidad de imponer aranceles de hasta 100 por ciento a pa\u00edses BRICS que avancen en una divisa com\u00fan.<\/p>\n<p class=\"nota-justify\">Seg\u00fan Luna, esta presi\u00f3n externa ha tenido efecto especialmente en India, que ha manifestado p\u00fablicamente su desinter\u00e9s en promover una agenda de desdolarizaci\u00f3n.<\/p>\n<p class=\"nota-justify\">A pesar de este contexto, P\u00e1ez, quien fue ministro coordinador de la Pol\u00edtica Econ\u00f3mica de Ecuador durante el gobierno de Rafael Correa (2007-2017), asegur\u00f3 que se est\u00e1n impulsando acuerdos concretos, aunque sin la carga simb\u00f3lica o discursiva del pasado.<\/p>\n<p class=\"nota-justify\">\u201cSe est\u00e1n impulsando en todos lados sistemas de compensaci\u00f3n de pagos bilaterales. Inclusive en algunos casos ni siquiera se los mencionan. Simplemente queda como un sistema de deudas mixtas que se negocia y se cancela. Ni siquiera es necesario hacerle propaganda. No decimos nada de que nos estamos yendo en contra del d\u00f3lar, pero simplemente estamos dejando de pagar esas deudas. Adem\u00e1s, est\u00e1n los mecanismos de swap, que se han venido multiplicando desde la crisis del 2008\u201d, a\u00f1adi\u00f3.<\/p>\n<p class=\"nota-justify\">El presidente ruso, Vladimir Putin, no viajar\u00e1 a la cumbre de los BRICS debido a una orden de detenci\u00f3n pendiente emitida contra \u00e9l por la Corte Penal Internacional (CPI), dijo el mi\u00e9rcoles el asesor de pol\u00edtica exterior del Kremlin, Yuri Ushakov.<\/p>\n<p class=\"nota-justify\">La CPI emiti\u00f3 la orden en 2023, poco m\u00e1s de un a\u00f1o despu\u00e9s de que Rusia lanzara su guerra a gran escala contra Ucrania, acusando a Putin del crimen de guerra de deportar a cientos de ni\u00f1os de Ucrania.<\/p>\n","protected":false},"excerpt":{"rendered":"<p>El bloque BRICS llegar\u00e1 a su pr\u00f3xima cumbre, que se realizar\u00e1 en Brasil el 6 y 7 de julio, con<\/p>\n","protected":false},"author":4,"featured_media":65693,"comment_status":"closed","ping_status":"closed","sticky":false,"template":"","format":"standard","meta":{"colormag_page_container_layout":"default_layout","colormag_page_sidebar_layout":"default_layout","_jetpack_memberships_contains_paid_content":false,"footnotes":"","jetpack_publicize_message":"","jetpack_publicize_feature_enabled":true,"jetpack_social_post_already_shared":true,"jetpack_social_options":{"image_generator_settings":{"template":"highway","default_image_id":0,"font":"","enabled":false},"version":2}},"categories":[2050],"tags":[],"class_list":["post-65692","post","type-post","status-publish","format-standard","has-post-thumbnail","hentry","category-economia"],"jetpack_publicize_connections":[],"jetpack_featured_media_url":"https:\/\/i0.wp.com\/politicosaldesnudo.com.mx\/wp-content\/uploads\/2025\/06\/DOLL.jpg?fit=770%2C477&ssl=1","jetpack-related-posts":[],"jetpack_sharing_enabled":true,"_links":{"self":[{"href":"https:\/\/politicosaldesnudo.com.mx\/index.php\/wp-json\/wp\/v2\/posts\/65692","targetHints":{"allow":["GET"]}}],"collection":[{"href":"https:\/\/politicosaldesnudo.com.mx\/index.php\/wp-json\/wp\/v2\/posts"}],"about":[{"href":"https:\/\/politicosaldesnudo.com.mx\/index.php\/wp-json\/wp\/v2\/types\/post"}],"author":[{"embeddable":true,"href":"https:\/\/politicosaldesnudo.com.mx\/index.php\/wp-json\/wp\/v2\/users\/4"}],"replies":[{"embeddable":true,"href":"https:\/\/politicosaldesnudo.com.mx\/index.php\/wp-json\/wp\/v2\/comments?post=65692"}],"version-history":[{"count":0,"href":"https:\/\/politicosaldesnudo.com.mx\/index.php\/wp-json\/wp\/v2\/posts\/65692\/revisions"}],"wp:featuredmedia":[{"embeddable":true,"href":"https:\/\/politicosaldesnudo.com.mx\/index.php\/wp-json\/wp\/v2\/media\/65693"}],"wp:attachment":[{"href":"https:\/\/politicosaldesnudo.com.mx\/index.php\/wp-json\/wp\/v2\/media?parent=65692"}],"wp:term":[{"taxonomy":"category","embeddable":true,"href":"https:\/\/politicosaldesnudo.com.mx\/index.php\/wp-json\/wp\/v2\/categories?post=65692"},{"taxonomy":"post_tag","embeddable":true,"href":"https:\/\/politicosaldesnudo.com.mx\/index.php\/wp-json\/wp\/v2\/tags?post=65692"}],"curies":[{"name":"wp","href":"https:\/\/api.w.org\/{rel}","templated":true}]}}