{"id":65695,"date":"2025-06-26T00:13:09","date_gmt":"2025-06-26T06:13:09","guid":{"rendered":"https:\/\/politicosaldesnudo.com.mx\/?p=65695"},"modified":"2025-06-25T22:22:20","modified_gmt":"2025-06-26T04:22:20","slug":"rechaza-seccion-7-del-snte-en-chiapas-decretos-firmados-por-la-presidenta","status":"publish","type":"post","link":"https:\/\/politicosaldesnudo.com.mx\/index.php\/2025\/06\/26\/rechaza-seccion-7-del-snte-en-chiapas-decretos-firmados-por-la-presidenta\/","title":{"rendered":"Rechaza Secci\u00f3n 7 del SNTE en Chiapas decretos firmados por la Presidenta"},"content":{"rendered":"<p class=\"nota-justify\">La Secci\u00f3n 7 del Sindicato Nacional de Trabajadores de la Educaci\u00f3n (SNTE), perteneciente a la Coordinadora Nacional de Trabajadores de la Educaci\u00f3n (CNTE), rechaz\u00f3 los decretos firmados esta semana por la presidenta Claudia Sheinbaum para que la antig\u00fcedad en el servicio sea el criterio fundamental para la movilidad y la reversi\u00f3n paulatina de la edad de jubilaci\u00f3n, fijada ahora en 53 a\u00f1os para mujeres y 55 a\u00f1os para hombres en 2034.<\/p>\n<p class=\"nota-justify\">\u201cLos decretos no resuelven las demandas centrales de los trabajadores de la educaci\u00f3n; nuestra demanda es abrogaci\u00f3n total de esa ley nefasta del Instituto de Servicios y Seguridad Social de los Trabajadores del Estado (ISSSTE), de Felipe Calder\u00f3n de 2007\u201d, afirm\u00f3 Israel Gonz\u00e1lez V\u00e1zquez, dirigente de la Secci\u00f3n 7.<\/p>\n<p class=\"nota-justify\">\u201cNo aceptamos porque los decretos que se acaban de emitir no resuelven nuestras demandas, ya que no ayudan a todos los trabajadores, sino s\u00f3lo un porcentaje muy m\u00ednimo\u201d, reiter\u00f3.<\/p>\n<p class=\"nota-justify\">A trav\u00e9s de un video difundido en redes sociales, sostuvo que \u201cnuestra exigencia est\u00e1 ah\u00ed: la abrogaci\u00f3n de la ley del ISSSTE, por lo que huelga nacional que decret\u00f3 un receso se reanudar\u00e1 pr\u00f3ximamente con mayor contundencia, unidad y fuerza a nivel nacional\u201d.<\/p>\n<p class=\"nota-justify\">Gonz\u00e1lez V\u00e1zquez a\u00f1adi\u00f3 que la otra demanda central es la \u201cabrogaci\u00f3n total de la reformad educativa\u201d aprobada durante los sexenios de Enrique Pe\u00f1a Nieto y Andr\u00e9s Manuel L\u00f3pez Obrador.<\/p>\n<p class=\"nota-justify\">Se\u00f1al\u00f3 que \u201cpronto se llevar\u00e1 a cabo la asamblea nacional representativa de la CNTE, en la que se revisar\u00e1n los decretos que emiti\u00f3 la presidenta, pero nuestro posicionamiento es en el sentido de que no resuelven las demandas centrales de los trabajadores de la educaci\u00f3n\u201d.<\/p>\n","protected":false},"excerpt":{"rendered":"<p>La Secci\u00f3n 7 del Sindicato Nacional de Trabajadores de la Educaci\u00f3n (SNTE), perteneciente a la Coordinadora Nacional de Trabajadores de<\/p>\n","protected":false},"author":4,"featured_media":65696,"comment_status":"closed","ping_status":"closed","sticky":false,"template":"","format":"standard","meta":{"colormag_page_container_layout":"default_layout","colormag_page_sidebar_layout":"default_layout","_jetpack_memberships_contains_paid_content":false,"footnotes":"","jetpack_publicize_message":"","jetpack_publicize_feature_enabled":true,"jetpack_social_post_already_shared":true,"jetpack_social_options":{"image_generator_settings":{"template":"highway","default_image_id":0,"font":"","enabled":false},"version":2}},"categories":[30],"tags":[],"class_list":["post-65695","post","type-post","status-publish","format-standard","has-post-thumbnail","hentry","category-estados"],"jetpack_publicize_connections":[],"jetpack_featured_media_url":"https:\/\/i0.wp.com\/politicosaldesnudo.com.mx\/wp-content\/uploads\/2025\/06\/INDIOS.jpg?fit=784%2C515&ssl=1","jetpack-related-posts":[],"jetpack_sharing_enabled":true,"_links":{"self":[{"href":"https:\/\/politicosaldesnudo.com.mx\/index.php\/wp-json\/wp\/v2\/posts\/65695","targetHints":{"allow":["GET"]}}],"collection":[{"href":"https:\/\/politicosaldesnudo.com.mx\/index.php\/wp-json\/wp\/v2\/posts"}],"about":[{"href":"https:\/\/politicosaldesnudo.com.mx\/index.php\/wp-json\/wp\/v2\/types\/post"}],"author":[{"embeddable":true,"href":"https:\/\/politicosaldesnudo.com.mx\/index.php\/wp-json\/wp\/v2\/users\/4"}],"replies":[{"embeddable":true,"href":"https:\/\/politicosaldesnudo.com.mx\/index.php\/wp-json\/wp\/v2\/comments?post=65695"}],"version-history":[{"count":0,"href":"https:\/\/politicosaldesnudo.com.mx\/index.php\/wp-json\/wp\/v2\/posts\/65695\/revisions"}],"wp:featuredmedia":[{"embeddable":true,"href":"https:\/\/politicosaldesnudo.com.mx\/index.php\/wp-json\/wp\/v2\/media\/65696"}],"wp:attachment":[{"href":"https:\/\/politicosaldesnudo.com.mx\/index.php\/wp-json\/wp\/v2\/media?parent=65695"}],"wp:term":[{"taxonomy":"category","embeddable":true,"href":"https:\/\/politicosaldesnudo.com.mx\/index.php\/wp-json\/wp\/v2\/categories?post=65695"},{"taxonomy":"post_tag","embeddable":true,"href":"https:\/\/politicosaldesnudo.com.mx\/index.php\/wp-json\/wp\/v2\/tags?post=65695"}],"curies":[{"name":"wp","href":"https:\/\/api.w.org\/{rel}","templated":true}]}}