{"id":65698,"date":"2025-06-26T00:14:12","date_gmt":"2025-06-26T06:14:12","guid":{"rendered":"https:\/\/politicosaldesnudo.com.mx\/?p=65698"},"modified":"2025-06-25T22:24:27","modified_gmt":"2025-06-26T04:24:27","slug":"normalistas-de-ayotzinapa-exigen-avances-en-investigacion","status":"publish","type":"post","link":"https:\/\/politicosaldesnudo.com.mx\/index.php\/2025\/06\/26\/normalistas-de-ayotzinapa-exigen-avances-en-investigacion\/","title":{"rendered":"Normalistas de Ayotzinapa exigen avances en investigaci\u00f3n"},"content":{"rendered":"<p><i>\u00ab<\/i>El caso Ayotzinapa est\u00e1 estancado, no hay avances significativos\u00bb, acusaron normalistas de Ayotzinapa en mitin realizado en el Antimonumento a los 43, el mi\u00e9rcoles a mediod\u00eda en Acapulco, donde se\u00f1alaron que \u00abno vemos que el gobierno est\u00e9 trabajando de la manera adecuada\u00bb.<\/p>\n<p>Los j\u00f3venes acusaron que existe imprudencia, desatenci\u00f3n y negligencia de parte de este gobierno, por lo que seguir\u00e1n alzando la voz por sus 43 compa\u00f1eros desaparecidos durante la noche de Iguala el 26 y 27 de septiembre de 2014, as\u00ed como por las injusticias.<\/p>\n<p>Los normalistas criticaron que el pasado mayo fue el mes con m\u00e1s personas desaparecidas en M\u00e9xico, con mil 398, lo que significa 45 desapariciones al d\u00eda.<\/p>\n<p>Recriminaron que \u00aby este gobierno\u00a0en sus ma\u00f1aneras dice que disminuye el n\u00famero de asesinatos, pero \u00bfc\u00f3mo es posible que aumenten la cifra de las personas desaparecidas?\u00bb, cuestionaron, y subrayaron que por eso las personas salen a las calles a exigir justicia por todas esas personas desaparecidas.<\/p>\n<p>Manifestaron que \u00aba tres meses de que se cumpla un a\u00f1o m\u00e1s de la desaparici\u00f3n de los 43 normalistas, alzamos la voz para seguir en la exigencia de justicia y la aparici\u00f3n con vida.\u00a0C\u00f3mo es posible que a casi 11 a\u00f1os no se tenga una pista, una prueba, algo que diga d\u00f3nde se encuentran nuestros 43 compa\u00f1eros\u00bb.<\/p>\n<p>Reprocharon que \u00abya son tres mandatos de tres gobiernos y se sigue en el mismo punto donde se empez\u00f3\u00bb.<\/p>\n<p>Oradores del acto efectuado a partir de las 12 del d\u00eda, en la esquina de las avenidas Costera Miguel Alem\u00e1n y V\u00eda R\u00e1pida, cuestionaron al anterior gobierno por retirar de la investigaci\u00f3n al Grupo Interdisciplinario de Expertos Independientes, que es la \u00fanica instancia que hab\u00eda logrado avances, y apuntaron que el gobierno ha obstruido la investigaci\u00f3n.<\/p>\n<p>\u00abEl gobierno sabe d\u00f3nde se encuentran nuestros 43 compa\u00f1eros, si el caso no avanza, \u00bfpor qu\u00e9 el gobierno pone obst\u00e1culos?\u00bb, e insistieron que existe obstaculizaci\u00f3n de parte de las autoridades.<\/p>\n<p>Agregaron que \u00abla presidenta tiene una deuda pendiente que le dejaron los expresidentes, al menos para la escuela normal rural Ra\u00fal Isidro urgos de Ayotzinapa. Una deuda que se tiene que pagar, todos aquellos personajes que estuvieron involucrados en esa noche, en la desaparici\u00f3n\u00bb.<\/p>\n","protected":false},"excerpt":{"rendered":"<p>\u00abEl caso Ayotzinapa est\u00e1 estancado, no hay avances significativos\u00bb, acusaron normalistas de Ayotzinapa en mitin realizado en el Antimonumento a<\/p>\n","protected":false},"author":4,"featured_media":65699,"comment_status":"closed","ping_status":"closed","sticky":false,"template":"","format":"standard","meta":{"colormag_page_container_layout":"default_layout","colormag_page_sidebar_layout":"default_layout","_jetpack_memberships_contains_paid_content":false,"footnotes":"","jetpack_publicize_message":"","jetpack_publicize_feature_enabled":true,"jetpack_social_post_already_shared":true,"jetpack_social_options":{"image_generator_settings":{"template":"highway","default_image_id":0,"font":"","enabled":false},"version":2}},"categories":[30],"tags":[],"class_list":["post-65698","post","type-post","status-publish","format-standard","has-post-thumbnail","hentry","category-estados"],"jetpack_publicize_connections":[],"jetpack_featured_media_url":"https:\/\/i0.wp.com\/politicosaldesnudo.com.mx\/wp-content\/uploads\/2025\/06\/SINQUEHACER.jpg?fit=677%2C354&ssl=1","jetpack-related-posts":[],"jetpack_sharing_enabled":true,"_links":{"self":[{"href":"https:\/\/politicosaldesnudo.com.mx\/index.php\/wp-json\/wp\/v2\/posts\/65698","targetHints":{"allow":["GET"]}}],"collection":[{"href":"https:\/\/politicosaldesnudo.com.mx\/index.php\/wp-json\/wp\/v2\/posts"}],"about":[{"href":"https:\/\/politicosaldesnudo.com.mx\/index.php\/wp-json\/wp\/v2\/types\/post"}],"author":[{"embeddable":true,"href":"https:\/\/politicosaldesnudo.com.mx\/index.php\/wp-json\/wp\/v2\/users\/4"}],"replies":[{"embeddable":true,"href":"https:\/\/politicosaldesnudo.com.mx\/index.php\/wp-json\/wp\/v2\/comments?post=65698"}],"version-history":[{"count":0,"href":"https:\/\/politicosaldesnudo.com.mx\/index.php\/wp-json\/wp\/v2\/posts\/65698\/revisions"}],"wp:featuredmedia":[{"embeddable":true,"href":"https:\/\/politicosaldesnudo.com.mx\/index.php\/wp-json\/wp\/v2\/media\/65699"}],"wp:attachment":[{"href":"https:\/\/politicosaldesnudo.com.mx\/index.php\/wp-json\/wp\/v2\/media?parent=65698"}],"wp:term":[{"taxonomy":"category","embeddable":true,"href":"https:\/\/politicosaldesnudo.com.mx\/index.php\/wp-json\/wp\/v2\/categories?post=65698"},{"taxonomy":"post_tag","embeddable":true,"href":"https:\/\/politicosaldesnudo.com.mx\/index.php\/wp-json\/wp\/v2\/tags?post=65698"}],"curies":[{"name":"wp","href":"https:\/\/api.w.org\/{rel}","templated":true}]}}