{"id":65719,"date":"2025-06-25T22:41:22","date_gmt":"2025-06-26T04:41:22","guid":{"rendered":"https:\/\/politicosaldesnudo.com.mx\/?p=65719"},"modified":"2025-06-25T22:41:22","modified_gmt":"2025-06-26T04:41:22","slug":"la-uv-ausente-un-motor-regional-apagado","status":"publish","type":"post","link":"https:\/\/politicosaldesnudo.com.mx\/index.php\/2025\/06\/25\/la-uv-ausente-un-motor-regional-apagado\/","title":{"rendered":"La UV ausente: un motor regional apagado"},"content":{"rendered":"<h2>\u00b7\u00a0\u00a0\u00a0\u00a0\u00a0\u00a0\u00a0Renuncia la Universidad Veracruzana a su responsabilidad social<\/h2>\n<h2>\u00b7\u00a0\u00a0\u00a0\u00a0\u00a0\u00a0\u00a0A su papel como impulsora del desarrollo regional<\/h2>\n<h2>\u00b7\u00a0\u00a0\u00a0\u00a0\u00a0\u00a0\u00a0Es un s\u00edntoma de un modelo universitario centralista, elitista y desconectado de la realidad<\/h2>\n<p style=\"font-weight: 400;\"><strong>Por Miguel \u00c1ngel Cristiani G.<\/strong><\/p>\n<p style=\"font-weight: 400;\">En un estado tan vasto y diverso como Veracruz, resulta inadmisible que, despu\u00e9s de casi dos d\u00e9cadas, la Universidad Veracruzana \u2014la m\u00e1xima casa de estudios del estado\u2014 no haya ampliado significativamente su cobertura territorial. El Informe de Labores 2023-2024 presume presencia en 27 municipios a trav\u00e9s de cinco regiones universitarias; sin embargo, el dato se revela enga\u00f1oso cuando se constata que s\u00f3lo 21 municipios cuentan con instalaciones reales de la Universidad Veracruzana Intercultural (UVI), mientras que el resto apenas dispone de \u201cCasas UV\u201d, sin oferta acad\u00e9mica regular ni planta docente estable.<\/p>\n<p style=\"font-weight: 400;\">Lo que estamos presenciando, y lo digo con todas sus letras, es la renuncia deliberada \u2014por negligencia, comodidad o desinter\u00e9s institucional\u2014 de la Universidad Veracruzana a su responsabilidad social y a su papel como impulsora del desarrollo regional. Esta omisi\u00f3n no es solo un problema administrativo: es un s\u00edntoma de un modelo universitario centralista, elitista y desconectado de la realidad rural e ind\u00edgena veracruzana.<\/p>\n<p style=\"font-weight: 400;\">Decir que la UV \u00abcubre\u00bb 27 municipios cuando en realidad atiende solo el 24.5% de los municipios del estado es, en el mejor de los casos, una exageraci\u00f3n propagand\u00edstica. En el peor, una estrategia institucional para maquillar el estancamiento. Veracruz tiene 212 municipios, muchos de ellos en zonas rurales y marginadas que claman por oportunidades educativas como \u00fanica v\u00eda posible de movilidad social y progreso econ\u00f3mico.<\/p>\n<p style=\"font-weight: 400;\">Y es que, a pesar de los discursos sobre \u201cequidad\u201d, \u201cinterculturalidad\u201d y \u201cacceso universal\u201d, la UV ha apostado por fortalecer sus centros urbanos: Xalapa, Veracruz-Boca del R\u00edo, Orizaba-C\u00f3rdoba, Poza Rica-Tuxpan y Coatzacoalcos-Minatitl\u00e1n. Ah\u00ed se concentra la infraestructura, el personal, la inversi\u00f3n, las oportunidades. Las zonas rurales \u2014como hist\u00f3ricamente ha sucedido\u2014 quedan otra vez al margen, como si su juventud no mereciera educaci\u00f3n superior p\u00fablica, gratuita y de calidad.<\/p>\n<p style=\"font-weight: 400;\">El doctor Rafael Vela Mart\u00ednez, en su libro recientemente presentado, sobre la Universidad Veracruzana, su pasado inmediato y sus retos actuales hace un muy detallado diagn\u00f3stico: Este abandono tiene efectos reales, profundos y duraderos. No se trata solo de cifras en un informe, sino de vidas truncadas, talentos desperdiciados y regiones condenadas al rezago perpetuo.<\/p>\n<p style=\"font-weight: 400;\"><strong>Primero<\/strong>, el capital humano de las regiones se ve diezmado. Al no contar con opciones educativas locales, los j\u00f3venes deben migrar \u2014si pueden costearlo\u2014 o resignarse a empleos mal remunerados o a la econom\u00eda informal. Se genera una \u201cfuga de cerebros\u201d silenciosa y constante.<\/p>\n<p style=\"font-weight: 400;\"><strong>Segundo<\/strong>, la econom\u00eda local se asfixia. La universidad deber\u00eda ser semillero de innovaci\u00f3n, ciencia aplicada y soluciones concretas a los problemas de cada regi\u00f3n. Pero sin presencia institucional, no hay proyectos de vinculaci\u00f3n, ni desarrollo tecnol\u00f3gico, ni impulso a sectores estrat\u00e9gicos como la agroindustria, la biotecnolog\u00eda o las energ\u00edas renovables.<\/p>\n<p style=\"font-weight: 400;\"><strong>Tercero<\/strong>, se profundiza la desigualdad. Quienes viven en zonas urbanas acceden a la UV; quienes nacen en el campo, en la sierra o en la selva veracruzana, no. As\u00ed se perpet\u00faa el c\u00edrculo vicioso de exclusi\u00f3n social y se dinamita cualquier intento de cohesi\u00f3n territorial.<\/p>\n<p style=\"font-weight: 400;\"><strong>Cuarto<\/strong>, se inhibe la generaci\u00f3n de soluciones locales. En ausencia de centros universitarios, no hay foros, ni observatorios, ni diagn\u00f3sticos regionales. La comunidad pierde su derecho a pensar, cuestionar, investigar y proponer desde su realidad.<\/p>\n<p style=\"font-weight: 400;\">Nos coment\u00f3 el doctor Rafael Vela que la falta de crecimiento en la cobertura territorial universitaria no es fortuita. Responde a un modelo de gesti\u00f3n anquilosado, burocr\u00e1tico, c\u00f3modo en su zona de confort. A pesar de los recursos p\u00fablicos que recibe, la UV no ha planteado una expansi\u00f3n realista, gradual y comprometida hacia las zonas que m\u00e1s lo necesitan. El discurso intercultural queda en los documentos; en los hechos, la Universidad Veracruzana contin\u00faa siendo una instituci\u00f3n para las ciudades medias y grandes, no para el estado entero.<\/p>\n<p style=\"font-weight: 400;\">Y no es que falten diagn\u00f3sticos. Desde Gonzalo Aguirre Beltr\u00e1n hasta los estudios actuales sobre desarrollo regional, se ha se\u00f1alado con claridad que el abandono universitario en regiones marginadas genera dependencia, sometimiento y reproducci\u00f3n de la pobreza. La falta de presencia universitaria alimenta la \u201ccausaci\u00f3n circular acumulativa\u201d que describiera Myrdal: a menor infraestructura, menor inversi\u00f3n; a menor inversi\u00f3n, menor desarrollo; a menor desarrollo, m\u00e1s pobreza.<\/p>\n<p style=\"font-weight: 400;\">No puede aceptarse que la Rector\u00eda, despu\u00e9s de tantos a\u00f1os en el cargo, siga culpando a las condiciones presupuestales o a la complejidad territorial del estado. La planeaci\u00f3n estrat\u00e9gica, la gesti\u00f3n de recursos, la concertaci\u00f3n con gobiernos locales y la voluntad pol\u00edtica podr\u00edan \u2014si se tuvieran\u2014 haber permitido ampliar significativamente la presencia de la UV. Pero no ha sido as\u00ed.<\/p>\n<p style=\"font-weight: 400;\">Peor a\u00fan: en lugar de promover un sistema de educaci\u00f3n superior polic\u00e9ntrico y equitativo, se han fortalecido sedes centralistas con servicios y campus de \u201cprimer mundo\u201d, mientras que las regiones con alta poblaci\u00f3n ind\u00edgena y rural siguen sin aulas, sin bibliotecas, sin docentes, sin futuro.<\/p>\n<p style=\"font-weight: 400;\">Si la UV quiere recuperar su papel hist\u00f3rico como agente de desarrollo regional, debe transformar de ra\u00edz su l\u00f3gica institucional. No se trata de abrir m\u00e1s oficinas o de repartir propaganda: se trata de llevar educaci\u00f3n donde no la hay. Se trata de formar profesionales para y desde las regiones. Se trata de crear centros de investigaci\u00f3n que respondan a las problem\u00e1ticas locales, de impulsar carreras adaptadas al contexto rural e ind\u00edgena, de descentralizar presupuesto, poder y toma de decisiones.<\/p>\n<p style=\"font-weight: 400;\">En suma, se trata de devolverle a la Universidad Veracruzana su car\u00e1cter de bien p\u00fablico, no de privilegio urbano.<\/p>\n<p style=\"font-weight: 400;\"><strong><em>Cerrar los ojos ante la exclusi\u00f3n territorial de la UV es aceptar que hay j\u00f3venes veracruzanos que valen menos que otros. Y eso, en una democracia que se precie de justa, es simplemente inaceptable.<\/em><\/strong><\/p>\n<p><img data-recalc-dims=\"1\" loading=\"lazy\" decoding=\"async\" class=\"aligncenter size-full wp-image-65484\" src=\"https:\/\/i0.wp.com\/politicosaldesnudo.com.mx\/wp-content\/uploads\/2025\/06\/FIRMA-EDITORIAL-PD-6.jpg?resize=800%2C98&#038;ssl=1\" alt=\"\" width=\"800\" height=\"98\" srcset=\"https:\/\/i0.wp.com\/politicosaldesnudo.com.mx\/wp-content\/uploads\/2025\/06\/FIRMA-EDITORIAL-PD-6.jpg?w=1024&amp;ssl=1 1024w, https:\/\/i0.wp.com\/politicosaldesnudo.com.mx\/wp-content\/uploads\/2025\/06\/FIRMA-EDITORIAL-PD-6.jpg?resize=300%2C37&amp;ssl=1 300w, https:\/\/i0.wp.com\/politicosaldesnudo.com.mx\/wp-content\/uploads\/2025\/06\/FIRMA-EDITORIAL-PD-6.jpg?resize=768%2C94&amp;ssl=1 768w\" sizes=\"auto, (max-width: 800px) 100vw, 800px\" \/><\/p>\n","protected":false},"excerpt":{"rendered":"<p>\u00b7\u00a0\u00a0\u00a0\u00a0\u00a0\u00a0\u00a0Renuncia la Universidad Veracruzana a su responsabilidad social \u00b7\u00a0\u00a0\u00a0\u00a0\u00a0\u00a0\u00a0A su papel como impulsora del desarrollo regional \u00b7\u00a0\u00a0\u00a0\u00a0\u00a0\u00a0\u00a0Es un s\u00edntoma de<\/p>\n","protected":false},"author":4,"featured_media":46060,"comment_status":"closed","ping_status":"closed","sticky":false,"template":"","format":"standard","meta":{"colormag_page_container_layout":"default_layout","colormag_page_sidebar_layout":"default_layout","_jetpack_memberships_contains_paid_content":false,"footnotes":"","jetpack_publicize_message":"","jetpack_publicize_feature_enabled":true,"jetpack_social_post_already_shared":true,"jetpack_social_options":{"image_generator_settings":{"template":"highway","default_image_id":0,"font":"","enabled":false},"version":2}},"categories":[26],"tags":[],"class_list":["post-65719","post","type-post","status-publish","format-standard","has-post-thumbnail","hentry","category-columnistas"],"jetpack_publicize_connections":[],"jetpack_featured_media_url":"https:\/\/i0.wp.com\/politicosaldesnudo.com.mx\/wp-content\/uploads\/2024\/09\/CRISTIANI-2.jpg?fit=800%2C445&ssl=1","jetpack-related-posts":[],"jetpack_sharing_enabled":true,"_links":{"self":[{"href":"https:\/\/politicosaldesnudo.com.mx\/index.php\/wp-json\/wp\/v2\/posts\/65719","targetHints":{"allow":["GET"]}}],"collection":[{"href":"https:\/\/politicosaldesnudo.com.mx\/index.php\/wp-json\/wp\/v2\/posts"}],"about":[{"href":"https:\/\/politicosaldesnudo.com.mx\/index.php\/wp-json\/wp\/v2\/types\/post"}],"author":[{"embeddable":true,"href":"https:\/\/politicosaldesnudo.com.mx\/index.php\/wp-json\/wp\/v2\/users\/4"}],"replies":[{"embeddable":true,"href":"https:\/\/politicosaldesnudo.com.mx\/index.php\/wp-json\/wp\/v2\/comments?post=65719"}],"version-history":[{"count":0,"href":"https:\/\/politicosaldesnudo.com.mx\/index.php\/wp-json\/wp\/v2\/posts\/65719\/revisions"}],"wp:featuredmedia":[{"embeddable":true,"href":"https:\/\/politicosaldesnudo.com.mx\/index.php\/wp-json\/wp\/v2\/media\/46060"}],"wp:attachment":[{"href":"https:\/\/politicosaldesnudo.com.mx\/index.php\/wp-json\/wp\/v2\/media?parent=65719"}],"wp:term":[{"taxonomy":"category","embeddable":true,"href":"https:\/\/politicosaldesnudo.com.mx\/index.php\/wp-json\/wp\/v2\/categories?post=65719"},{"taxonomy":"post_tag","embeddable":true,"href":"https:\/\/politicosaldesnudo.com.mx\/index.php\/wp-json\/wp\/v2\/tags?post=65719"}],"curies":[{"name":"wp","href":"https:\/\/api.w.org\/{rel}","templated":true}]}}