{"id":65815,"date":"2025-06-28T00:03:24","date_gmt":"2025-06-28T06:03:24","guid":{"rendered":"https:\/\/politicosaldesnudo.com.mx\/?p=65815"},"modified":"2025-06-27T21:20:57","modified_gmt":"2025-06-28T03:20:57","slug":"realizaran-jornada-de-limpieza-en-playas","status":"publish","type":"post","link":"https:\/\/politicosaldesnudo.com.mx\/index.php\/2025\/06\/28\/realizaran-jornada-de-limpieza-en-playas\/","title":{"rendered":"Realizar\u00e1n jornada de limpieza en playas"},"content":{"rendered":"<p>Ante las severas afectaciones provocadas por las lluvias recientes, que dejaron toneladas de palizada, basura, desechos org\u00e1nicos y hasta animales muertos sobre las playas de Tuxpan, autoridades municipales han confirmado que el pr\u00f3ximo 9 de julio se llevar\u00e1 a cabo una mega jornada de limpieza de costas, con la participaci\u00f3n de los tres \u00f3rdenes de gobierno, la Secretar\u00eda de Marina (SEMAR), la Secretar\u00eda de la Defensa Nacional (SEDENA), prestadores de servicios tur\u00edsticos, escuelas, voluntarios y el sector privado.<\/p>\n<p>El Gobierno Municipal dispondr\u00e1 de maquinaria pesada, como retroexcavadoras, sierras para cortar troncos de gran tama\u00f1o y camiones de volteo para el retiro del material acumulado en kil\u00f3metros de playa. Por su parte, la SEMAR y la SEDENA estar\u00e1n apoyando con personal operativo y equipo especializado, mientras que empresarios del sector privado tambi\u00e9n participar\u00e1n con maquinaria y brigadas de trabajo.<\/p>\n<p>Adem\u00e1s, se est\u00e1 convocando a planteles educativos, grupos sociales y ciudadan\u00eda en general a unirse a este esfuerzo colectivo, ya que el volumen de desechos es considerable y requiere la colaboraci\u00f3n de todos los sectores.<\/p>\n<p>Esta campa\u00f1a de limpieza se realiza en el marco de la previa al arranque oficial de la temporada vacacional de verano, periodo en el que Tuxpan recibe a miles de visitantes atra\u00eddos por sus playas. Las autoridades destacaron la urgencia de recuperar el buen estado de la franja costera, no solo por motivos tur\u00edsticos, sino tambi\u00e9n por razones ambientales y de salud p\u00fablica.<\/p>\n","protected":false},"excerpt":{"rendered":"<p>Ante las severas afectaciones provocadas por las lluvias recientes, que dejaron toneladas de palizada, basura, desechos org\u00e1nicos y hasta animales<\/p>\n","protected":false},"author":4,"featured_media":65816,"comment_status":"closed","ping_status":"closed","sticky":false,"template":"","format":"standard","meta":{"colormag_page_container_layout":"default_layout","colormag_page_sidebar_layout":"default_layout","_jetpack_memberships_contains_paid_content":false,"footnotes":"","jetpack_publicize_message":"","jetpack_publicize_feature_enabled":true,"jetpack_social_post_already_shared":true,"jetpack_social_options":{"image_generator_settings":{"template":"highway","default_image_id":0,"font":"","enabled":false},"version":2}},"categories":[1082],"tags":[],"class_list":["post-65815","post","type-post","status-publish","format-standard","has-post-thumbnail","hentry","category-tuxpan"],"jetpack_publicize_connections":[],"jetpack_featured_media_url":"https:\/\/i0.wp.com\/politicosaldesnudo.com.mx\/wp-content\/uploads\/2025\/06\/PL.jpg?fit=1200%2C900&ssl=1","jetpack-related-posts":[],"jetpack_sharing_enabled":true,"_links":{"self":[{"href":"https:\/\/politicosaldesnudo.com.mx\/index.php\/wp-json\/wp\/v2\/posts\/65815","targetHints":{"allow":["GET"]}}],"collection":[{"href":"https:\/\/politicosaldesnudo.com.mx\/index.php\/wp-json\/wp\/v2\/posts"}],"about":[{"href":"https:\/\/politicosaldesnudo.com.mx\/index.php\/wp-json\/wp\/v2\/types\/post"}],"author":[{"embeddable":true,"href":"https:\/\/politicosaldesnudo.com.mx\/index.php\/wp-json\/wp\/v2\/users\/4"}],"replies":[{"embeddable":true,"href":"https:\/\/politicosaldesnudo.com.mx\/index.php\/wp-json\/wp\/v2\/comments?post=65815"}],"version-history":[{"count":0,"href":"https:\/\/politicosaldesnudo.com.mx\/index.php\/wp-json\/wp\/v2\/posts\/65815\/revisions"}],"wp:featuredmedia":[{"embeddable":true,"href":"https:\/\/politicosaldesnudo.com.mx\/index.php\/wp-json\/wp\/v2\/media\/65816"}],"wp:attachment":[{"href":"https:\/\/politicosaldesnudo.com.mx\/index.php\/wp-json\/wp\/v2\/media?parent=65815"}],"wp:term":[{"taxonomy":"category","embeddable":true,"href":"https:\/\/politicosaldesnudo.com.mx\/index.php\/wp-json\/wp\/v2\/categories?post=65815"},{"taxonomy":"post_tag","embeddable":true,"href":"https:\/\/politicosaldesnudo.com.mx\/index.php\/wp-json\/wp\/v2\/tags?post=65815"}],"curies":[{"name":"wp","href":"https:\/\/api.w.org\/{rel}","templated":true}]}}