{"id":65845,"date":"2025-06-28T00:13:47","date_gmt":"2025-06-28T06:13:47","guid":{"rendered":"https:\/\/politicosaldesnudo.com.mx\/?p=65845"},"modified":"2025-06-27T22:37:54","modified_gmt":"2025-06-28T04:37:54","slug":"danos-por-erick-suman-27-mdp-en-la-universidad-de-guerrero-rector","status":"publish","type":"post","link":"https:\/\/politicosaldesnudo.com.mx\/index.php\/2025\/06\/28\/danos-por-erick-suman-27-mdp-en-la-universidad-de-guerrero-rector\/","title":{"rendered":"Da\u00f1os por &#8216;Erick&#8217; suman 27 mdp en la Universidad de Guerrero: rector"},"content":{"rendered":"<p class=\"nota-justify\">El rector de la Universidad Aut\u00f3noma de Guerrero (UAG), Javier Salda\u00f1a Almaz\u00e1n, inform\u00f3 que el hurac\u00e1n\u00a0<i>Erick<\/i>, dej\u00f3 da\u00f1os por m\u00e1s de 27 millones de pesos en planteles de la instituci\u00f3n ubicados en la Costa Chica.<\/p>\n<p class=\"nota-justify\">Los cuales podr\u00edan ser cubiertos por el seguro de la Secretar\u00eda de Educaci\u00f3n P\u00fablica (SEP); para ello, dijo, ya se trabaja en el proyecto ejecutivo correspondiente.<\/p>\n<p class=\"nota-justify\">El rector anunci\u00f3 que analizan cu\u00e1les escuelas podr\u00edan cerrar el pr\u00f3ximo ciclo escolar, y cu\u00e1les ser\u00e1n adecuadas para que ofrezcan nuevas carreras universitarias.<\/p>\n<p class=\"nota-justify\">\u201cLa UAG prepara un proyecto ejecutivo para gestionar ante la SEP los recursos necesarios para reparar los da\u00f1os, pues cuentan con un seguro que podr\u00eda cubrir las p\u00e9rdidas\u201d, insisti\u00f3.<\/p>\n<p class=\"nota-justify\">Por otra parte, la presidenta del Colegio de Bi\u00f3logos de Guerrero, Elizabeth D\u00edaz \u00c1vila se\u00f1al\u00f3 que \u201cel gremio impulsar\u00e1 la creaci\u00f3n del Atlas de Riesgo en los municipios de la entidad, con el fin de que estemos preparados ante los fen\u00f3menos meteorol\u00f3gicos\u201d, los cuales son constantes en Guerrero.<\/p>\n","protected":false},"excerpt":{"rendered":"<p>El rector de la Universidad Aut\u00f3noma de Guerrero (UAG), Javier Salda\u00f1a Almaz\u00e1n, inform\u00f3 que el hurac\u00e1n\u00a0Erick, dej\u00f3 da\u00f1os por m\u00e1s<\/p>\n","protected":false},"author":4,"featured_media":65846,"comment_status":"closed","ping_status":"closed","sticky":false,"template":"","format":"standard","meta":{"colormag_page_container_layout":"default_layout","colormag_page_sidebar_layout":"default_layout","_jetpack_memberships_contains_paid_content":false,"footnotes":"","jetpack_publicize_message":"","jetpack_publicize_feature_enabled":true,"jetpack_social_post_already_shared":true,"jetpack_social_options":{"image_generator_settings":{"template":"highway","default_image_id":0,"font":"","enabled":false},"version":2}},"categories":[30],"tags":[],"class_list":["post-65845","post","type-post","status-publish","format-standard","has-post-thumbnail","hentry","category-estados"],"jetpack_publicize_connections":[],"jetpack_featured_media_url":"https:\/\/i0.wp.com\/politicosaldesnudo.com.mx\/wp-content\/uploads\/2025\/06\/GUER-2.jpg?fit=749%2C506&ssl=1","jetpack-related-posts":[],"jetpack_sharing_enabled":true,"_links":{"self":[{"href":"https:\/\/politicosaldesnudo.com.mx\/index.php\/wp-json\/wp\/v2\/posts\/65845","targetHints":{"allow":["GET"]}}],"collection":[{"href":"https:\/\/politicosaldesnudo.com.mx\/index.php\/wp-json\/wp\/v2\/posts"}],"about":[{"href":"https:\/\/politicosaldesnudo.com.mx\/index.php\/wp-json\/wp\/v2\/types\/post"}],"author":[{"embeddable":true,"href":"https:\/\/politicosaldesnudo.com.mx\/index.php\/wp-json\/wp\/v2\/users\/4"}],"replies":[{"embeddable":true,"href":"https:\/\/politicosaldesnudo.com.mx\/index.php\/wp-json\/wp\/v2\/comments?post=65845"}],"version-history":[{"count":0,"href":"https:\/\/politicosaldesnudo.com.mx\/index.php\/wp-json\/wp\/v2\/posts\/65845\/revisions"}],"wp:featuredmedia":[{"embeddable":true,"href":"https:\/\/politicosaldesnudo.com.mx\/index.php\/wp-json\/wp\/v2\/media\/65846"}],"wp:attachment":[{"href":"https:\/\/politicosaldesnudo.com.mx\/index.php\/wp-json\/wp\/v2\/media?parent=65845"}],"wp:term":[{"taxonomy":"category","embeddable":true,"href":"https:\/\/politicosaldesnudo.com.mx\/index.php\/wp-json\/wp\/v2\/categories?post=65845"},{"taxonomy":"post_tag","embeddable":true,"href":"https:\/\/politicosaldesnudo.com.mx\/index.php\/wp-json\/wp\/v2\/tags?post=65845"}],"curies":[{"name":"wp","href":"https:\/\/api.w.org\/{rel}","templated":true}]}}