{"id":65878,"date":"2025-06-29T13:46:16","date_gmt":"2025-06-29T19:46:16","guid":{"rendered":"https:\/\/politicosaldesnudo.com.mx\/?p=65878"},"modified":"2025-06-29T13:46:16","modified_gmt":"2025-06-29T19:46:16","slug":"gobierno-de-tuxpan-en-alerta-dando-seguimiento-puntual-a-la-tormenta-tropical-barry","status":"publish","type":"post","link":"https:\/\/politicosaldesnudo.com.mx\/index.php\/2025\/06\/29\/gobierno-de-tuxpan-en-alerta-dando-seguimiento-puntual-a-la-tormenta-tropical-barry\/","title":{"rendered":"Gobierno de Tuxpan en alerta, dando seguimiento puntual a la Tormenta Tropical Barry"},"content":{"rendered":"<p>* Todos listos y coordinados para brindar atenci\u00f3n a la ciudadan\u00eda.<br \/>\n* En caso de emergencia llame a Protecci\u00f3n Civil 783 83 50127, Bomberos 783 83 40646 y Emergencias 911.<\/p>\n<p>Tuxpan, Ver., 29 de junio de 2025. &#8211; El Gobierno de Tuxpan se encuentra en alerta, dando puntual seguimiento a la Tormenta Tropical Barry que se mueve hacia la costa norte de Veracruz, por lo que se esperan fuertes lluvias durante la tarde de este domingo y la madrugada del lunes.<\/p>\n<p><img data-recalc-dims=\"1\" loading=\"lazy\" decoding=\"async\" class=\"aligncenter size-full wp-image-65880\" src=\"https:\/\/i0.wp.com\/politicosaldesnudo.com.mx\/wp-content\/uploads\/2025\/06\/WhatsApp-Image-2025-06-29-at-13.17.01.jpeg?resize=800%2C600&#038;ssl=1\" alt=\"\" width=\"800\" height=\"600\" srcset=\"https:\/\/i0.wp.com\/politicosaldesnudo.com.mx\/wp-content\/uploads\/2025\/06\/WhatsApp-Image-2025-06-29-at-13.17.01.jpeg?w=1013&amp;ssl=1 1013w, https:\/\/i0.wp.com\/politicosaldesnudo.com.mx\/wp-content\/uploads\/2025\/06\/WhatsApp-Image-2025-06-29-at-13.17.01.jpeg?resize=300%2C225&amp;ssl=1 300w, https:\/\/i0.wp.com\/politicosaldesnudo.com.mx\/wp-content\/uploads\/2025\/06\/WhatsApp-Image-2025-06-29-at-13.17.01.jpeg?resize=768%2C576&amp;ssl=1 768w\" sizes=\"auto, (max-width: 800px) 100vw, 800px\" \/><\/p>\n<p>El alcalde Dr. Jes\u00fas Fomperoza Torres ha instruido a Protecci\u00f3n Civil, a la Secretar\u00eda de Seguridad P\u00fablica Municipal, y a los titulares de las \u00e1reas operativas a estar listos y coordinados para actuar en caso de ser necesario.<\/p>\n<p>La Direcci\u00f3n de Protecci\u00f3n Civil mantiene recorridos constantes en \u00e1reas consideradas bajas y de riesgo, sin que hasta el momento se tengan afectaciones.<\/p>\n<p>A las 12:30 PM el CEEC de Protecci\u00f3n Civil pidi\u00f3 a la ciudadan\u00eda extremar precauciones: \u201cEl centro de la tormenta tropical #Barry se mueve hacia la costa norte de Veracruz, donde podr\u00eda impactar durante esta tarde, por lo tanto, se mantendr\u00e1n las lluvias de intensidad variable, moderadas a fuertes y algunas tormentas. Extreme precauciones\u201d.<\/p>\n<p><img data-recalc-dims=\"1\" loading=\"lazy\" decoding=\"async\" class=\"aligncenter size-large wp-image-65879\" src=\"https:\/\/i0.wp.com\/politicosaldesnudo.com.mx\/wp-content\/uploads\/2025\/06\/WhatsApp-Image-2025-06-29-at-13.17.01-1-1024x1024.jpeg?resize=800%2C800&#038;ssl=1\" alt=\"\" width=\"800\" height=\"800\" srcset=\"https:\/\/i0.wp.com\/politicosaldesnudo.com.mx\/wp-content\/uploads\/2025\/06\/WhatsApp-Image-2025-06-29-at-13.17.01-1.jpeg?resize=1024%2C1024&amp;ssl=1 1024w, https:\/\/i0.wp.com\/politicosaldesnudo.com.mx\/wp-content\/uploads\/2025\/06\/WhatsApp-Image-2025-06-29-at-13.17.01-1.jpeg?resize=300%2C300&amp;ssl=1 300w, https:\/\/i0.wp.com\/politicosaldesnudo.com.mx\/wp-content\/uploads\/2025\/06\/WhatsApp-Image-2025-06-29-at-13.17.01-1.jpeg?resize=150%2C150&amp;ssl=1 150w, https:\/\/i0.wp.com\/politicosaldesnudo.com.mx\/wp-content\/uploads\/2025\/06\/WhatsApp-Image-2025-06-29-at-13.17.01-1.jpeg?resize=768%2C767&amp;ssl=1 768w, https:\/\/i0.wp.com\/politicosaldesnudo.com.mx\/wp-content\/uploads\/2025\/06\/WhatsApp-Image-2025-06-29-at-13.17.01-1.jpeg?resize=1536%2C1534&amp;ssl=1 1536w, https:\/\/i0.wp.com\/politicosaldesnudo.com.mx\/wp-content\/uploads\/2025\/06\/WhatsApp-Image-2025-06-29-at-13.17.01-1.jpeg?w=1600&amp;ssl=1 1600w\" sizes=\"auto, (max-width: 800px) 100vw, 800px\" \/><\/p>\n<p>El presidente municipal Dr. Jes\u00fas Fomperoza reiter\u00f3 el exhorto a la poblaci\u00f3n de zona urbana y rural a tomar precauciones por probabilidad alta de:<\/p>\n<p>*Crecida de r\u00edos\/arroyos.<br \/>\n*Deslaves, deslizamientos de tierra y derrumbes.<br \/>\n*Inundaciones en partes bajas<br \/>\n*Destechamiento de casas, ca\u00eddas de \u00e1rboles u otros objetos.<\/p>\n<p>As\u00ed como mantenerse atenta a los avisos, a trav\u00e9s de los canales oficiales.<\/p>\n<p>En una situaci\u00f3n de emergencia pueden comunicarse a los siguientes n\u00fameros: Protecci\u00f3n Civil 783 83 50127, Bomberos 783 83 40646 y Emergencias 911.<\/p>\n","protected":false},"excerpt":{"rendered":"<p>* Todos listos y coordinados para brindar atenci\u00f3n a la ciudadan\u00eda. * En caso de emergencia llame a Protecci\u00f3n Civil<\/p>\n","protected":false},"author":4,"featured_media":65879,"comment_status":"closed","ping_status":"closed","sticky":false,"template":"","format":"standard","meta":{"colormag_page_container_layout":"default_layout","colormag_page_sidebar_layout":"default_layout","_jetpack_memberships_contains_paid_content":false,"footnotes":"","jetpack_publicize_message":"","jetpack_publicize_feature_enabled":true,"jetpack_social_post_already_shared":true,"jetpack_social_options":{"image_generator_settings":{"template":"highway","default_image_id":0,"font":"","enabled":false},"version":2}},"categories":[3205,1082],"tags":[],"class_list":["post-65878","post","type-post","status-publish","format-standard","has-post-thumbnail","hentry","category-gobierno-tuxpan","category-tuxpan"],"jetpack_publicize_connections":[],"jetpack_featured_media_url":"https:\/\/i0.wp.com\/politicosaldesnudo.com.mx\/wp-content\/uploads\/2025\/06\/WhatsApp-Image-2025-06-29-at-13.17.01-1.jpeg?fit=1600%2C1598&ssl=1","jetpack-related-posts":[],"jetpack_sharing_enabled":true,"_links":{"self":[{"href":"https:\/\/politicosaldesnudo.com.mx\/index.php\/wp-json\/wp\/v2\/posts\/65878","targetHints":{"allow":["GET"]}}],"collection":[{"href":"https:\/\/politicosaldesnudo.com.mx\/index.php\/wp-json\/wp\/v2\/posts"}],"about":[{"href":"https:\/\/politicosaldesnudo.com.mx\/index.php\/wp-json\/wp\/v2\/types\/post"}],"author":[{"embeddable":true,"href":"https:\/\/politicosaldesnudo.com.mx\/index.php\/wp-json\/wp\/v2\/users\/4"}],"replies":[{"embeddable":true,"href":"https:\/\/politicosaldesnudo.com.mx\/index.php\/wp-json\/wp\/v2\/comments?post=65878"}],"version-history":[{"count":0,"href":"https:\/\/politicosaldesnudo.com.mx\/index.php\/wp-json\/wp\/v2\/posts\/65878\/revisions"}],"wp:featuredmedia":[{"embeddable":true,"href":"https:\/\/politicosaldesnudo.com.mx\/index.php\/wp-json\/wp\/v2\/media\/65879"}],"wp:attachment":[{"href":"https:\/\/politicosaldesnudo.com.mx\/index.php\/wp-json\/wp\/v2\/media?parent=65878"}],"wp:term":[{"taxonomy":"category","embeddable":true,"href":"https:\/\/politicosaldesnudo.com.mx\/index.php\/wp-json\/wp\/v2\/categories?post=65878"},{"taxonomy":"post_tag","embeddable":true,"href":"https:\/\/politicosaldesnudo.com.mx\/index.php\/wp-json\/wp\/v2\/tags?post=65878"}],"curies":[{"name":"wp","href":"https:\/\/api.w.org\/{rel}","templated":true}]}}