{"id":65885,"date":"2025-06-30T00:02:37","date_gmt":"2025-06-30T06:02:37","guid":{"rendered":"https:\/\/politicosaldesnudo.com.mx\/?p=65885"},"modified":"2025-06-29T22:00:16","modified_gmt":"2025-06-30T04:00:16","slug":"playa-de-tuxpan-cerrada-por-tormenta","status":"publish","type":"post","link":"https:\/\/politicosaldesnudo.com.mx\/index.php\/2025\/06\/30\/playa-de-tuxpan-cerrada-por-tormenta\/","title":{"rendered":"Playa de Tuxpan Cerrada por Tormenta"},"content":{"rendered":"<p>Autoridades de Protecci\u00f3n Civil Municipal tomaron la decisi\u00f3n este domingo, de cerrar la playa de Tuxpan y desalojar a los ba\u00f1istas ante el pron\u00f3stico de tormenta para la regi\u00f3n.<\/p>\n<p>Adem\u00e1s izaron la bandera negra, indicando que la playa permanece cerrada hasta nuevo aviso y el acceso est\u00e1 prohibido.<\/p>\n<p>La medida se implement\u00f3 debido al incremento del oleaje y la necesidad de salvaguardar la seguridad de los ciudadanos, obedeciendo a un pron\u00f3stico meteorol\u00f3gico que indica condiciones clim\u00e1ticas adversas para esta zona del Golfo de M\u00e9xico.<\/p>\n<p>Protecci\u00f3n Civil solicit\u00f3 a todas las personas que se encontraban en la zona costera que se retiren de inmediato y acaten las recomendaciones de la autoridad para evitar cualquier incidente.<\/p>\n","protected":false},"excerpt":{"rendered":"<p>Autoridades de Protecci\u00f3n Civil Municipal tomaron la decisi\u00f3n este domingo, de cerrar la playa de Tuxpan y desalojar a los<\/p>\n","protected":false},"author":4,"featured_media":65886,"comment_status":"closed","ping_status":"closed","sticky":false,"template":"","format":"standard","meta":{"colormag_page_container_layout":"default_layout","colormag_page_sidebar_layout":"default_layout","_jetpack_memberships_contains_paid_content":false,"footnotes":"","jetpack_publicize_message":"","jetpack_publicize_feature_enabled":true,"jetpack_social_post_already_shared":true,"jetpack_social_options":{"image_generator_settings":{"template":"highway","default_image_id":0,"font":"","enabled":false},"version":2}},"categories":[1082],"tags":[],"class_list":["post-65885","post","type-post","status-publish","format-standard","has-post-thumbnail","hentry","category-tuxpan"],"jetpack_publicize_connections":[],"jetpack_featured_media_url":"https:\/\/i0.wp.com\/politicosaldesnudo.com.mx\/wp-content\/uploads\/2025\/06\/WhatsApp-Image-2025-06-29-at-15.57.47-1.jpg?fit=1599%2C899&ssl=1","jetpack-related-posts":[],"jetpack_sharing_enabled":true,"_links":{"self":[{"href":"https:\/\/politicosaldesnudo.com.mx\/index.php\/wp-json\/wp\/v2\/posts\/65885","targetHints":{"allow":["GET"]}}],"collection":[{"href":"https:\/\/politicosaldesnudo.com.mx\/index.php\/wp-json\/wp\/v2\/posts"}],"about":[{"href":"https:\/\/politicosaldesnudo.com.mx\/index.php\/wp-json\/wp\/v2\/types\/post"}],"author":[{"embeddable":true,"href":"https:\/\/politicosaldesnudo.com.mx\/index.php\/wp-json\/wp\/v2\/users\/4"}],"replies":[{"embeddable":true,"href":"https:\/\/politicosaldesnudo.com.mx\/index.php\/wp-json\/wp\/v2\/comments?post=65885"}],"version-history":[{"count":0,"href":"https:\/\/politicosaldesnudo.com.mx\/index.php\/wp-json\/wp\/v2\/posts\/65885\/revisions"}],"wp:featuredmedia":[{"embeddable":true,"href":"https:\/\/politicosaldesnudo.com.mx\/index.php\/wp-json\/wp\/v2\/media\/65886"}],"wp:attachment":[{"href":"https:\/\/politicosaldesnudo.com.mx\/index.php\/wp-json\/wp\/v2\/media?parent=65885"}],"wp:term":[{"taxonomy":"category","embeddable":true,"href":"https:\/\/politicosaldesnudo.com.mx\/index.php\/wp-json\/wp\/v2\/categories?post=65885"},{"taxonomy":"post_tag","embeddable":true,"href":"https:\/\/politicosaldesnudo.com.mx\/index.php\/wp-json\/wp\/v2\/tags?post=65885"}],"curies":[{"name":"wp","href":"https:\/\/api.w.org\/{rel}","templated":true}]}}