{"id":65894,"date":"2025-06-30T00:05:30","date_gmt":"2025-06-30T06:05:30","guid":{"rendered":"https:\/\/politicosaldesnudo.com.mx\/?p=65894"},"modified":"2025-06-29T22:22:59","modified_gmt":"2025-06-30T04:22:59","slug":"vamos-a-luchar-siempre-porque-el-pueblo-de-mexico-tenga-bienestar-csp","status":"publish","type":"post","link":"https:\/\/politicosaldesnudo.com.mx\/index.php\/2025\/06\/30\/vamos-a-luchar-siempre-porque-el-pueblo-de-mexico-tenga-bienestar-csp\/","title":{"rendered":"Vamos a luchar siempre porque el pueblo de M\u00e9xico tenga Bienestar: CSP"},"content":{"rendered":"<p class=\"nota-justify\">Al encabezar la evaluaci\u00f3n de los programas federales de gobierno en esta entidad, la presidenta Claudia Sheinbaum reivindic\u00f3 los programas sociales de la Cuarta Transformaci\u00f3n porque Bienestar no es solo una palabra son pol\u00edticas sociales por las que hemos luchado siempre \u201cy lo seguiremos luchando hasta el \u00faltimo d\u00eda de nuestra vida. Vamos a luchar porque el pueblo de M\u00e9xico tenga Bienestar, tenga derechos: el acceso a una alimentaci\u00f3n saludable, a la educaci\u00f3n, a la salud\u201d.<\/p>\n<p class=\"nota-justify\">En su \u00faltimo d\u00eda de gira, la presidenta destac\u00f3 como una de las principales aportaciones de los gobiernos de extracci\u00f3n morenista la pol\u00edtica social porque los programas sociales se han convertido en derechos de la poblaci\u00f3n mexicana, porque ya est\u00e1n incorporados a la Constituci\u00f3n.<\/p>\n<p class=\"nota-justify\">En este contexto tambi\u00e9n destac\u00f3 otra de las reformas fundamentales que promovi\u00f3 el presidente Andr\u00e9s Manuel L\u00f3pez Obrador que permiti\u00f3 que hace algunos d\u00edas, el pueblo eligiera a los ministros de la Suprema Corte de Justicia de la Naci\u00f3n. \u201cAntes, los ministros de la Corte los eleg\u00edan el presidente y unos cuantos senadores . Eso se acab\u00f3. Ahora los ministros y las ministras las elige el pueblo de M\u00e9xico y miren que sabio es el pueblo de M\u00e9xico que eligi\u00f3 como presidente de la Forte a un ind\u00edgena. \u00bfCuando hubiera llegado un ind\u00edgena mixteco a ser presidente de la Corte? Nunca, si no lo hubiera decidido el pueblo de M\u00e9xico. As\u00ed que con el pueblo todo, sin el pueblo nada?\u201d<\/p>\n<p class=\"nota-justify\">Poco antes, la gobernadora Indira Vizca\u00edno hab\u00eda elogiado la gesti\u00f3n de SHeinbaum al frente de los destinos del pa\u00eds, en un entorno internacional muy complejo .<\/p>\n<p class=\"nota-justify\">Durante el evento los titulares de la secretar\u00eda de Infraestructura, Comunicaciones y Transportes, Jes\u00fas Esteva, anunci\u00f3 inversiones para ampliar la red carretera de la entidad por 517 millones de pesos este a\u00f1o y poco m\u00e1s de dos mil millones de pesos en el sexenio.<\/p>\n<p class=\"nota-justify\">A su vez, el titular de la Comisi\u00f3n Nacional del Agua, Efra\u00edn Morales, dijo que con una inversi\u00f3n de mil 800 millones de pesos, se pretende construir infraestructura hidr\u00e1ulica que resolver\u00e1 la problem\u00e1tica de abasto de agua en la capital del pa\u00eds por los pr\u00f3ximos 50 a\u00f1os.<\/p>\n","protected":false},"excerpt":{"rendered":"<p>Al encabezar la evaluaci\u00f3n de los programas federales de gobierno en esta entidad, la presidenta Claudia Sheinbaum reivindic\u00f3 los programas<\/p>\n","protected":false},"author":4,"featured_media":65895,"comment_status":"closed","ping_status":"closed","sticky":false,"template":"","format":"standard","meta":{"colormag_page_container_layout":"default_layout","colormag_page_sidebar_layout":"default_layout","_jetpack_memberships_contains_paid_content":false,"footnotes":"","jetpack_publicize_message":"","jetpack_publicize_feature_enabled":true,"jetpack_social_post_already_shared":true,"jetpack_social_options":{"image_generator_settings":{"template":"highway","default_image_id":0,"font":"","enabled":false},"version":2}},"categories":[33],"tags":[],"class_list":["post-65894","post","type-post","status-publish","format-standard","has-post-thumbnail","hentry","category-nacional"],"jetpack_publicize_connections":[],"jetpack_featured_media_url":"https:\/\/i0.wp.com\/politicosaldesnudo.com.mx\/wp-content\/uploads\/2025\/06\/SANDEATO.jpg?fit=731%2C521&ssl=1","jetpack-related-posts":[],"jetpack_sharing_enabled":true,"_links":{"self":[{"href":"https:\/\/politicosaldesnudo.com.mx\/index.php\/wp-json\/wp\/v2\/posts\/65894","targetHints":{"allow":["GET"]}}],"collection":[{"href":"https:\/\/politicosaldesnudo.com.mx\/index.php\/wp-json\/wp\/v2\/posts"}],"about":[{"href":"https:\/\/politicosaldesnudo.com.mx\/index.php\/wp-json\/wp\/v2\/types\/post"}],"author":[{"embeddable":true,"href":"https:\/\/politicosaldesnudo.com.mx\/index.php\/wp-json\/wp\/v2\/users\/4"}],"replies":[{"embeddable":true,"href":"https:\/\/politicosaldesnudo.com.mx\/index.php\/wp-json\/wp\/v2\/comments?post=65894"}],"version-history":[{"count":0,"href":"https:\/\/politicosaldesnudo.com.mx\/index.php\/wp-json\/wp\/v2\/posts\/65894\/revisions"}],"wp:featuredmedia":[{"embeddable":true,"href":"https:\/\/politicosaldesnudo.com.mx\/index.php\/wp-json\/wp\/v2\/media\/65895"}],"wp:attachment":[{"href":"https:\/\/politicosaldesnudo.com.mx\/index.php\/wp-json\/wp\/v2\/media?parent=65894"}],"wp:term":[{"taxonomy":"category","embeddable":true,"href":"https:\/\/politicosaldesnudo.com.mx\/index.php\/wp-json\/wp\/v2\/categories?post=65894"},{"taxonomy":"post_tag","embeddable":true,"href":"https:\/\/politicosaldesnudo.com.mx\/index.php\/wp-json\/wp\/v2\/tags?post=65894"}],"curies":[{"name":"wp","href":"https:\/\/api.w.org\/{rel}","templated":true}]}}