{"id":65971,"date":"2025-07-01T00:01:44","date_gmt":"2025-07-01T06:01:44","guid":{"rendered":"https:\/\/politicosaldesnudo.com.mx\/?p=65971"},"modified":"2025-06-30T19:45:27","modified_gmt":"2025-07-01T01:45:27","slug":"cuantiosas-perdidas-materiales-por-lluvias","status":"publish","type":"post","link":"https:\/\/politicosaldesnudo.com.mx\/index.php\/2025\/07\/01\/cuantiosas-perdidas-materiales-por-lluvias\/","title":{"rendered":"Cuantiosas perdidas materiales, por lluvias"},"content":{"rendered":"<p>Residentes de la calle Colombia, hacen un llamado urgente a las autoridades municipales para que se ponga fin a un problema que los aqueja desde hace a\u00f1os: las constantes inundaciones, puesto que cada temporada de lluvias, sus hogares y calles se ven anegados, generando cuantiosas p\u00e9rdidas materiales y poniendo en riesgo su salud y seguridad.<\/p>\n<p>La situaci\u00f3n es insostenible para las familias que habitan en esta vialidad. \u00abYa estamos cansados de perder nuestros muebles y electrodom\u00e9sticos cada vez que llueve fuerte, nuestros hijos no pueden ir a la escuela y tenemos miedo de las enfermedades que pueden traer las aguas negras, siempre es lo mismo\u00bb, coment\u00f3 visiblemente frustrada una residente de esta zona, que por m\u00e1s de veinte a\u00f1os ha padecido esta problem\u00e1tica.<\/p>\n<p>Los vecinos se\u00f1alan que, a pesar de los m\u00faltiples reportes y solicitudes de ayuda a las autoridades, el problema persiste sin una soluci\u00f3n definitiva, las deficiencias en el sistema de drenaje y la falta de mantenimiento en los colectores pluviales son se\u00f1aladas como las principales causas de este recurrente problema.<\/p>\n<p>Ante esta situaci\u00f3n, los afectados exigen a la administraci\u00f3n municipal que tome cartas en el asunto de manera prioritaria, piden la intervenci\u00f3n de personal t\u00e9cnico para evaluar la infraestructura existente, realizar las obras necesarias para ampliar y mejorar el drenaje, y establecer un programa de mantenimiento preventivo que garantice el correcto funcionamiento del sistema.<\/p>\n<p>La comunidad de la calle Colombia espera una respuesta y acciones concretas por parte de las autoridades, antes de que las pr\u00f3ximas lluvias vuelvan a convertir sus calles en r\u00edos y sus hogares en zonas\u00a0de\u00a0desastre.<\/p>\n","protected":false},"excerpt":{"rendered":"<p>Residentes de la calle Colombia, hacen un llamado urgente a las autoridades municipales para que se ponga fin a un<\/p>\n","protected":false},"author":4,"featured_media":65972,"comment_status":"closed","ping_status":"closed","sticky":false,"template":"","format":"standard","meta":{"colormag_page_container_layout":"default_layout","colormag_page_sidebar_layout":"default_layout","_jetpack_memberships_contains_paid_content":false,"footnotes":"","jetpack_publicize_message":"","jetpack_publicize_feature_enabled":true,"jetpack_social_post_already_shared":true,"jetpack_social_options":{"image_generator_settings":{"template":"highway","default_image_id":0,"font":"","enabled":false},"version":2}},"categories":[1082],"tags":[],"class_list":["post-65971","post","type-post","status-publish","format-standard","has-post-thumbnail","hentry","category-tuxpan"],"jetpack_publicize_connections":[],"jetpack_featured_media_url":"https:\/\/i0.wp.com\/politicosaldesnudo.com.mx\/wp-content\/uploads\/2025\/06\/LLU-1.jpg?fit=1024%2C768&ssl=1","jetpack-related-posts":[],"jetpack_sharing_enabled":true,"_links":{"self":[{"href":"https:\/\/politicosaldesnudo.com.mx\/index.php\/wp-json\/wp\/v2\/posts\/65971","targetHints":{"allow":["GET"]}}],"collection":[{"href":"https:\/\/politicosaldesnudo.com.mx\/index.php\/wp-json\/wp\/v2\/posts"}],"about":[{"href":"https:\/\/politicosaldesnudo.com.mx\/index.php\/wp-json\/wp\/v2\/types\/post"}],"author":[{"embeddable":true,"href":"https:\/\/politicosaldesnudo.com.mx\/index.php\/wp-json\/wp\/v2\/users\/4"}],"replies":[{"embeddable":true,"href":"https:\/\/politicosaldesnudo.com.mx\/index.php\/wp-json\/wp\/v2\/comments?post=65971"}],"version-history":[{"count":0,"href":"https:\/\/politicosaldesnudo.com.mx\/index.php\/wp-json\/wp\/v2\/posts\/65971\/revisions"}],"wp:featuredmedia":[{"embeddable":true,"href":"https:\/\/politicosaldesnudo.com.mx\/index.php\/wp-json\/wp\/v2\/media\/65972"}],"wp:attachment":[{"href":"https:\/\/politicosaldesnudo.com.mx\/index.php\/wp-json\/wp\/v2\/media?parent=65971"}],"wp:term":[{"taxonomy":"category","embeddable":true,"href":"https:\/\/politicosaldesnudo.com.mx\/index.php\/wp-json\/wp\/v2\/categories?post=65971"},{"taxonomy":"post_tag","embeddable":true,"href":"https:\/\/politicosaldesnudo.com.mx\/index.php\/wp-json\/wp\/v2\/tags?post=65971"}],"curies":[{"name":"wp","href":"https:\/\/api.w.org\/{rel}","templated":true}]}}