{"id":65995,"date":"2025-07-01T00:10:05","date_gmt":"2025-07-01T06:10:05","guid":{"rendered":"https:\/\/politicosaldesnudo.com.mx\/?p=65995"},"modified":"2025-06-30T20:21:38","modified_gmt":"2025-07-01T02:21:38","slug":"argentina-apelara-fallo-sobre-petrolera-ypf-milei","status":"publish","type":"post","link":"https:\/\/politicosaldesnudo.com.mx\/index.php\/2025\/07\/01\/argentina-apelara-fallo-sobre-petrolera-ypf-milei\/","title":{"rendered":"Argentina apelar\u00e1 fallo sobre petrolera YPF: Milei"},"content":{"rendered":"<p class=\"nota-justify\">Argentina apelar\u00e1 el fallo de la Justicia estadunidense que orden\u00f3 al pa\u00eds entregar su participaci\u00f3n de 51 por ciento en la petrolera YPF para cumplir parcialmente con una sentencia judicial por 16 mil 100 millones de d\u00f3lares, dijo el lunes el presidente Javier Milei.<\/p>\n<p class=\"nota-justify\">La jueza federal de distrito estadunidense Loretta Preska, de Manhattan, determin\u00f3 horas antes que Argentina debe transferir sus acciones de YPF en un plazo de 14 d\u00edas a una cuenta de custodia de BNY Mellon e instruir a dicho banco a transferir las acciones a los demandantes en un plazo de un d\u00eda h\u00e1bil.<\/p>\n<p class=\"nota-justify\">\u201cSepan todos los argentinos que vamos a apelar este fallo en todas las instancias que corresponda para defender los intereses nacionales\u201d, dijo Milei en su cuenta oficial de la red social X. El fallo se refiere a la nacionalizaci\u00f3n por parte de Argentina en abril de 2012 de 51 por ciento de YPF, que estaba en manos de la espa\u00f1ola Repsol, con el argumento de una supuesta falta de inversi\u00f3n por parte de la empresa.<\/p>\n<p class=\"nota-justify\">Dos inversores, Petersen Energ\u00eda Inversora y Eton Park Capital Management, representados por la firma de financiaci\u00f3n de litigios Burford Capital, iniciaron una demanda contra el pa\u00eds y en septiembre de 2023 Preska fall\u00f3 a favor de ellos con una sentencia por 16 mil 100 millones de d\u00f3lares incluyendo intereses.<\/p>\n<p class=\"nota-justify\">Argentina ha estado apelando esa decisi\u00f3n de Preska.<\/p>\n<p class=\"nota-justify\">YPF es la petrolera m\u00e1s grande del pa\u00eds y lidera las actividades de exploraci\u00f3n y explotaci\u00f3n en la formaci\u00f3n Vaca Muerta, la segunda reserva de gas no convencional del mundo y la cuarta de petr\u00f3leo.<\/p>\n<p class=\"nota-justify\">La decisi\u00f3n de Preska representa un duro golpe para Milei, cuyo gobierno debe acumular urgentemente reservas de divisas para pagar deudas mientras lucha por desacelerar una importante tasa de inflaci\u00f3n.<\/p>\n<p class=\"nota-justify\">En abril, el pa\u00eds obtuvo un programa de pr\u00e9stamos de 20 mil millones de d\u00f3lares del Fondo Monetario Internacional (FMI) que establece, entre otras demandas, metas de acumulaci\u00f3n de reservas y de super\u00e1vit fiscal.<\/p>\n<p class=\"nota-justify\">\u201cTras un a\u00f1o y medio en el cargo, el fallo sobre YPF le recuerda al Gobierno de Milei que los problemas del pa\u00eds no desaparecer\u00e1n s\u00f3lo porque culpe a la oposici\u00f3n\u201d, dijo a Reuters Marcelo Garc\u00eda, director de la consultora de riesgo Horizon Engage en Nueva York.<\/p>\n<p class=\"nota-justify\">\u201cEl liderazgo de YPF en Vaca Muerta es crucial para la sostenibilidad a medio y largo plazo de su programa econ\u00f3mico, ya que deber\u00eda aportar los d\u00f3lares que la econom\u00eda necesita como si fueran aire fresco\u201d, agreg\u00f3.<\/p>\n<p class=\"nota-justify\">Sebasti\u00e1n Maril, director regional para Estados Unidos y Am\u00e9rica Latina de Latam Advisors, especialista en litigios, dijo que pese a la apelaci\u00f3n, YPF va a verse afectada por temores de que sus acciones cambien de manos en cualquier momento.<\/p>\n","protected":false},"excerpt":{"rendered":"<p>Argentina apelar\u00e1 el fallo de la Justicia estadunidense que orden\u00f3 al pa\u00eds entregar su participaci\u00f3n de 51 por ciento en<\/p>\n","protected":false},"author":4,"featured_media":65996,"comment_status":"closed","ping_status":"closed","sticky":false,"template":"","format":"standard","meta":{"colormag_page_container_layout":"default_layout","colormag_page_sidebar_layout":"default_layout","_jetpack_memberships_contains_paid_content":false,"footnotes":"","jetpack_publicize_message":"","jetpack_publicize_feature_enabled":true,"jetpack_social_post_already_shared":true,"jetpack_social_options":{"image_generator_settings":{"template":"highway","default_image_id":0,"font":"","enabled":false},"version":2}},"categories":[2050],"tags":[],"class_list":["post-65995","post","type-post","status-publish","format-standard","has-post-thumbnail","hentry","category-economia"],"jetpack_publicize_connections":[],"jetpack_featured_media_url":"https:\/\/i0.wp.com\/politicosaldesnudo.com.mx\/wp-content\/uploads\/2025\/06\/OBTU.jpg?fit=748%2C510&ssl=1","jetpack-related-posts":[],"jetpack_sharing_enabled":true,"_links":{"self":[{"href":"https:\/\/politicosaldesnudo.com.mx\/index.php\/wp-json\/wp\/v2\/posts\/65995","targetHints":{"allow":["GET"]}}],"collection":[{"href":"https:\/\/politicosaldesnudo.com.mx\/index.php\/wp-json\/wp\/v2\/posts"}],"about":[{"href":"https:\/\/politicosaldesnudo.com.mx\/index.php\/wp-json\/wp\/v2\/types\/post"}],"author":[{"embeddable":true,"href":"https:\/\/politicosaldesnudo.com.mx\/index.php\/wp-json\/wp\/v2\/users\/4"}],"replies":[{"embeddable":true,"href":"https:\/\/politicosaldesnudo.com.mx\/index.php\/wp-json\/wp\/v2\/comments?post=65995"}],"version-history":[{"count":0,"href":"https:\/\/politicosaldesnudo.com.mx\/index.php\/wp-json\/wp\/v2\/posts\/65995\/revisions"}],"wp:featuredmedia":[{"embeddable":true,"href":"https:\/\/politicosaldesnudo.com.mx\/index.php\/wp-json\/wp\/v2\/media\/65996"}],"wp:attachment":[{"href":"https:\/\/politicosaldesnudo.com.mx\/index.php\/wp-json\/wp\/v2\/media?parent=65995"}],"wp:term":[{"taxonomy":"category","embeddable":true,"href":"https:\/\/politicosaldesnudo.com.mx\/index.php\/wp-json\/wp\/v2\/categories?post=65995"},{"taxonomy":"post_tag","embeddable":true,"href":"https:\/\/politicosaldesnudo.com.mx\/index.php\/wp-json\/wp\/v2\/tags?post=65995"}],"curies":[{"name":"wp","href":"https:\/\/api.w.org\/{rel}","templated":true}]}}